{"id":1097,"date":"2018-10-15T17:15:12","date_gmt":"2018-10-15T17:15:12","guid":{"rendered":"http:\/\/almenrausch-berglern.de\/WordPress_02\/?p=1097"},"modified":"2018-11-18T11:09:13","modified_gmt":"2018-11-18T11:09:13","slug":"neuer-schiessstand-in-betrieb-einweihung-am-21-10-2018","status":"publish","type":"post","link":"https:\/\/almenrausch-berglern.de\/WordPress_02\/neuer-schiessstand-in-betrieb-einweihung-am-21102018\/","title":{"rendered":"Neuer Schiessstand in Betrieb &#8211; Einweihung am 21.10.2018"},"content":{"rendered":"<p>P\u00fcnktlich mit dem Anfangsschiessen, dem Saisonauftakt der Almenrausch-Sch\u00fctzen konnte der komplett erneuerte Schiessstand in Betrieb genommen werden. Kleinere Feinarbeiten werden die Anstrengungen der&nbsp;Almenrausch-Sch\u00fctzen in den Herbstwochen abrunden.<\/p>\n<p>Mit einem Investitionsvolumen von beinahe 80.000 Euro haben die Almenrausch-Sch\u00fctzen viel Geld in die Hand genommen, um das zukunftsweisende Vorhaben umzusetzen. Grosse Eigenleistung von immerhin rund 800 Arbeitsstunden aus dem Kreis der&nbsp;Almenrausch-Sch\u00fctzen, grossz\u00fcgige Unterst\u00fctzung treuer Sponsoren und \u00f6ffentliche Mittel aus der Sportf\u00f6rderung haben dieses richtungsweisende Vorhaben erst erm\u00f6glicht.<\/p>\n<p>Am 21. Oktober ab 10 Uhr feiern nun die&nbsp;Almenrausch-Sch\u00fctzen zun\u00e4chst mit geladenen G\u00e4sten Einweihung. Ab 13 Uhr k\u00f6nnen alle interessierten B\u00fcrger die neue Schiessanlage besichtigen.<\/p>\n<p><a href=\"http:\/\/almenrausch-berglern.de\/WordPress_02\/presseartikel\/bericht-standumbau-erdinger-anzeiger-09102018\/\">Pressebericht Erdinger Anzeiger<\/a>&nbsp;<\/p>\n<p>&nbsp;<\/p>\n","protected":false},"excerpt":{"rendered":"<p>P\u00fcnktlich mit dem Anfangsschiessen, dem Saisonauftakt der Almenrausch-Sch\u00fctzen konnte der komplett erneuerte Schiessstand in Betrieb genommen werden. Kleinere Feinarbeiten werden die Anstrengungen der&nbsp;Almenrausch-Sch\u00fctzen in den Herbstwochen abrunden. Mit einem Investitionsvolumen von beinahe 80.000 Euro haben die Almenrausch-Sch\u00fctzen viel Geld in <span class=\"excerpt-dots\">&hellip;<\/span> <a class=\"more-link\" href=\"https:\/\/almenrausch-berglern.de\/WordPress_02\/neuer-schiessstand-in-betrieb-einweihung-am-21102018\/\"><span class=\"more-msg\">Hier weiterlesen &#8230;<\/span><\/a><\/p>\n","protected":false},"author":1,"featured_media":1099,"comment_status":"closed","ping_status":"closed","sticky":false,"template":"","format":"standard","meta":{"ngg_post_thumbnail":0,"footnotes":""},"categories":[1],"tags":[],"class_list":["post-1097","post","type-post","status-publish","format-standard","has-post-thumbnail","hentry","category-allgemein"],"yoast_head":"<!-- This site is optimized with the Yoast SEO plugin v27.2 - https:\/\/yoast.com\/product\/yoast-seo-wordpress\/ -->\n<title>Neuer Schiessstand in Betrieb - Einweihung am 21.10.2018 - SG Almenrausch Berglern e.V.<\/title>\n<meta name=\"robots\" content=\"index, follow, max-snippet:-1, max-image-preview:large, max-video-preview:-1\" \/>\n<link rel=\"canonical\" href=\"https:\/\/almenrausch-berglern.de\/WordPress_02\/neuer-schiessstand-in-betrieb-einweihung-am-21102018\/\" \/>\n<meta property=\"og:locale\" content=\"de_DE\" \/>\n<meta property=\"og:type\" content=\"article\" \/>\n<meta property=\"og:title\" content=\"Neuer Schiessstand in Betrieb - Einweihung am 21.10.2018 - SG Almenrausch Berglern e.V.\" \/>\n<meta property=\"og:description\" content=\"P\u00fcnktlich mit dem Anfangsschiessen, dem Saisonauftakt der Almenrausch-Sch\u00fctzen konnte der komplett erneuerte Schiessstand in Betrieb genommen werden. Kleinere Feinarbeiten werden die Anstrengungen der&nbsp;Almenrausch-Sch\u00fctzen in den Herbstwochen abrunden. Mit einem Investitionsvolumen von beinahe 80.000 Euro haben die Almenrausch-Sch\u00fctzen viel Geld in &hellip; Hier weiterlesen ...\" \/>\n<meta property=\"og:url\" content=\"https:\/\/almenrausch-berglern.de\/WordPress_02\/neuer-schiessstand-in-betrieb-einweihung-am-21102018\/\" \/>\n<meta property=\"og:site_name\" content=\"SG Almenrausch Berglern e.V.\" \/>\n<meta property=\"article:published_time\" content=\"2018-10-15T17:15:12+00:00\" \/>\n<meta property=\"article:modified_time\" content=\"2018-11-18T11:09:13+00:00\" \/>\n<meta property=\"og:image\" content=\"https:\/\/almenrausch-berglern.de\/WordPress_02\/wp-content\/uploads\/2018\/10\/alb_standanzeige_20180921.jpg\" \/>\n\t<meta property=\"og:image:width\" content=\"358\" \/>\n\t<meta property=\"og:image:height\" content=\"420\" \/>\n\t<meta property=\"og:image:type\" content=\"image\/jpeg\" \/>\n<meta name=\"author\" content=\"willi\" \/>\n<meta name=\"twitter:card\" content=\"summary_large_image\" \/>\n<meta name=\"twitter:label1\" content=\"Verfasst von\" \/>\n\t<meta name=\"twitter:data1\" content=\"willi\" \/>\n\t<meta name=\"twitter:label2\" content=\"Gesch\u00e4tzte Lesezeit\" \/>\n\t<meta name=\"twitter:data2\" content=\"1\u00a0Minute\" \/>\n<script type=\"application\/ld+json\" class=\"yoast-schema-graph\">{\"@context\":\"https:\/\/schema.org\",\"@graph\":[{\"@type\":\"Article\",\"@id\":\"https:\/\/almenrausch-berglern.de\/WordPress_02\/neuer-schiessstand-in-betrieb-einweihung-am-21102018\/#article\",\"isPartOf\":{\"@id\":\"https:\/\/almenrausch-berglern.de\/WordPress_02\/neuer-schiessstand-in-betrieb-einweihung-am-21102018\/\"},\"author\":{\"name\":\"willi\",\"@id\":\"https:\/\/almenrausch-berglern.de\/WordPress_02\/#\/schema\/person\/afcf016c71e544dd07a246a131e0dc7c\"},\"headline\":\"Neuer Schiessstand in Betrieb &#8211; Einweihung am 21.10.2018\",\"datePublished\":\"2018-10-15T17:15:12+00:00\",\"dateModified\":\"2018-11-18T11:09:13+00:00\",\"mainEntityOfPage\":{\"@id\":\"https:\/\/almenrausch-berglern.de\/WordPress_02\/neuer-schiessstand-in-betrieb-einweihung-am-21102018\/\"},\"wordCount\":127,\"image\":{\"@id\":\"https:\/\/almenrausch-berglern.de\/WordPress_02\/neuer-schiessstand-in-betrieb-einweihung-am-21102018\/#primaryimage\"},\"thumbnailUrl\":\"https:\/\/almenrausch-berglern.de\/WordPress_02\/wp-content\/uploads\/2018\/10\/alb_standanzeige_20180921.jpg\",\"inLanguage\":\"de\"},{\"@type\":\"WebPage\",\"@id\":\"https:\/\/almenrausch-berglern.de\/WordPress_02\/neuer-schiessstand-in-betrieb-einweihung-am-21102018\/\",\"url\":\"https:\/\/almenrausch-berglern.de\/WordPress_02\/neuer-schiessstand-in-betrieb-einweihung-am-21102018\/\",\"name\":\"Neuer Schiessstand in Betrieb - Einweihung am 21.10.2018 - SG Almenrausch Berglern e.V.\",\"isPartOf\":{\"@id\":\"https:\/\/almenrausch-berglern.de\/WordPress_02\/#website\"},\"primaryImageOfPage\":{\"@id\":\"https:\/\/almenrausch-berglern.de\/WordPress_02\/neuer-schiessstand-in-betrieb-einweihung-am-21102018\/#primaryimage\"},\"image\":{\"@id\":\"https:\/\/almenrausch-berglern.de\/WordPress_02\/neuer-schiessstand-in-betrieb-einweihung-am-21102018\/#primaryimage\"},\"thumbnailUrl\":\"https:\/\/almenrausch-berglern.de\/WordPress_02\/wp-content\/uploads\/2018\/10\/alb_standanzeige_20180921.jpg\",\"datePublished\":\"2018-10-15T17:15:12+00:00\",\"dateModified\":\"2018-11-18T11:09:13+00:00\",\"author\":{\"@id\":\"https:\/\/almenrausch-berglern.de\/WordPress_02\/#\/schema\/person\/afcf016c71e544dd07a246a131e0dc7c\"},\"breadcrumb\":{\"@id\":\"https:\/\/almenrausch-berglern.de\/WordPress_02\/neuer-schiessstand-in-betrieb-einweihung-am-21102018\/#breadcrumb\"},\"inLanguage\":\"de\",\"potentialAction\":[{\"@type\":\"ReadAction\",\"target\":[\"https:\/\/almenrausch-berglern.de\/WordPress_02\/neuer-schiessstand-in-betrieb-einweihung-am-21102018\/\"]}]},{\"@type\":\"ImageObject\",\"inLanguage\":\"de\",\"@id\":\"https:\/\/almenrausch-berglern.de\/WordPress_02\/neuer-schiessstand-in-betrieb-einweihung-am-21102018\/#primaryimage\",\"url\":\"https:\/\/almenrausch-berglern.de\/WordPress_02\/wp-content\/uploads\/2018\/10\/alb_standanzeige_20180921.jpg\",\"contentUrl\":\"https:\/\/almenrausch-berglern.de\/WordPress_02\/wp-content\/uploads\/2018\/10\/alb_standanzeige_20180921.jpg\",\"width\":358,\"height\":420},{\"@type\":\"BreadcrumbList\",\"@id\":\"https:\/\/almenrausch-berglern.de\/WordPress_02\/neuer-schiessstand-in-betrieb-einweihung-am-21102018\/#breadcrumb\",\"itemListElement\":[{\"@type\":\"ListItem\",\"position\":1,\"name\":\"Startseite\",\"item\":\"https:\/\/almenrausch-berglern.de\/WordPress_02\/\"},{\"@type\":\"ListItem\",\"position\":2,\"name\":\"Neuer Schiessstand in Betrieb &#8211; Einweihung am 21.10.2018\"}]},{\"@type\":\"WebSite\",\"@id\":\"https:\/\/almenrausch-berglern.de\/WordPress_02\/#website\",\"url\":\"https:\/\/almenrausch-berglern.de\/WordPress_02\/\",\"name\":\"SG Almenrausch Berglern e.V.\",\"description\":\"\",\"potentialAction\":[{\"@type\":\"SearchAction\",\"target\":{\"@type\":\"EntryPoint\",\"urlTemplate\":\"https:\/\/almenrausch-berglern.de\/WordPress_02\/?s={search_term_string}\"},\"query-input\":{\"@type\":\"PropertyValueSpecification\",\"valueRequired\":true,\"valueName\":\"search_term_string\"}}],\"inLanguage\":\"de\"},{\"@type\":\"Person\",\"@id\":\"https:\/\/almenrausch-berglern.de\/WordPress_02\/#\/schema\/person\/afcf016c71e544dd07a246a131e0dc7c\",\"name\":\"willi\",\"image\":{\"@type\":\"ImageObject\",\"inLanguage\":\"de\",\"@id\":\"https:\/\/secure.gravatar.com\/avatar\/78d5815875c82d87f37eedb609f4c23e9e0832f1a15175689e420693042810d8?s=96&d=mm&r=g\",\"url\":\"https:\/\/secure.gravatar.com\/avatar\/78d5815875c82d87f37eedb609f4c23e9e0832f1a15175689e420693042810d8?s=96&d=mm&r=g\",\"contentUrl\":\"https:\/\/secure.gravatar.com\/avatar\/78d5815875c82d87f37eedb609f4c23e9e0832f1a15175689e420693042810d8?s=96&d=mm&r=g\",\"caption\":\"willi\"}}]}<\/script>\n<!-- \/ Yoast SEO plugin. -->","yoast_head_json":{"title":"Neuer Schiessstand in Betrieb - Einweihung am 21.10.2018 - SG Almenrausch Berglern e.V.","robots":{"index":"index","follow":"follow","max-snippet":"max-snippet:-1","max-image-preview":"max-image-preview:large","max-video-preview":"max-video-preview:-1"},"canonical":"https:\/\/almenrausch-berglern.de\/WordPress_02\/neuer-schiessstand-in-betrieb-einweihung-am-21102018\/","og_locale":"de_DE","og_type":"article","og_title":"Neuer Schiessstand in Betrieb - Einweihung am 21.10.2018 - SG Almenrausch Berglern e.V.","og_description":"P\u00fcnktlich mit dem Anfangsschiessen, dem Saisonauftakt der Almenrausch-Sch\u00fctzen konnte der komplett erneuerte Schiessstand in Betrieb genommen werden. Kleinere Feinarbeiten werden die Anstrengungen der&nbsp;Almenrausch-Sch\u00fctzen in den Herbstwochen abrunden. Mit einem Investitionsvolumen von beinahe 80.000 Euro haben die Almenrausch-Sch\u00fctzen viel Geld in &hellip; Hier weiterlesen ...","og_url":"https:\/\/almenrausch-berglern.de\/WordPress_02\/neuer-schiessstand-in-betrieb-einweihung-am-21102018\/","og_site_name":"SG Almenrausch Berglern e.V.","article_published_time":"2018-10-15T17:15:12+00:00","article_modified_time":"2018-11-18T11:09:13+00:00","og_image":[{"width":358,"height":420,"url":"https:\/\/almenrausch-berglern.de\/WordPress_02\/wp-content\/uploads\/2018\/10\/alb_standanzeige_20180921.jpg","type":"image\/jpeg"}],"author":"willi","twitter_card":"summary_large_image","twitter_misc":{"Verfasst von":"willi","Gesch\u00e4tzte Lesezeit":"1\u00a0Minute"},"schema":{"@context":"https:\/\/schema.org","@graph":[{"@type":"Article","@id":"https:\/\/almenrausch-berglern.de\/WordPress_02\/neuer-schiessstand-in-betrieb-einweihung-am-21102018\/#article","isPartOf":{"@id":"https:\/\/almenrausch-berglern.de\/WordPress_02\/neuer-schiessstand-in-betrieb-einweihung-am-21102018\/"},"author":{"name":"willi","@id":"https:\/\/almenrausch-berglern.de\/WordPress_02\/#\/schema\/person\/afcf016c71e544dd07a246a131e0dc7c"},"headline":"Neuer Schiessstand in Betrieb &#8211; Einweihung am 21.10.2018","datePublished":"2018-10-15T17:15:12+00:00","dateModified":"2018-11-18T11:09:13+00:00","mainEntityOfPage":{"@id":"https:\/\/almenrausch-berglern.de\/WordPress_02\/neuer-schiessstand-in-betrieb-einweihung-am-21102018\/"},"wordCount":127,"image":{"@id":"https:\/\/almenrausch-berglern.de\/WordPress_02\/neuer-schiessstand-in-betrieb-einweihung-am-21102018\/#primaryimage"},"thumbnailUrl":"https:\/\/almenrausch-berglern.de\/WordPress_02\/wp-content\/uploads\/2018\/10\/alb_standanzeige_20180921.jpg","inLanguage":"de"},{"@type":"WebPage","@id":"https:\/\/almenrausch-berglern.de\/WordPress_02\/neuer-schiessstand-in-betrieb-einweihung-am-21102018\/","url":"https:\/\/almenrausch-berglern.de\/WordPress_02\/neuer-schiessstand-in-betrieb-einweihung-am-21102018\/","name":"Neuer Schiessstand in Betrieb - Einweihung am 21.10.2018 - SG Almenrausch Berglern e.V.","isPartOf":{"@id":"https:\/\/almenrausch-berglern.de\/WordPress_02\/#website"},"primaryImageOfPage":{"@id":"https:\/\/almenrausch-berglern.de\/WordPress_02\/neuer-schiessstand-in-betrieb-einweihung-am-21102018\/#primaryimage"},"image":{"@id":"https:\/\/almenrausch-berglern.de\/WordPress_02\/neuer-schiessstand-in-betrieb-einweihung-am-21102018\/#primaryimage"},"thumbnailUrl":"https:\/\/almenrausch-berglern.de\/WordPress_02\/wp-content\/uploads\/2018\/10\/alb_standanzeige_20180921.jpg","datePublished":"2018-10-15T17:15:12+00:00","dateModified":"2018-11-18T11:09:13+00:00","author":{"@id":"https:\/\/almenrausch-berglern.de\/WordPress_02\/#\/schema\/person\/afcf016c71e544dd07a246a131e0dc7c"},"breadcrumb":{"@id":"https:\/\/almenrausch-berglern.de\/WordPress_02\/neuer-schiessstand-in-betrieb-einweihung-am-21102018\/#breadcrumb"},"inLanguage":"de","potentialAction":[{"@type":"ReadAction","target":["https:\/\/almenrausch-berglern.de\/WordPress_02\/neuer-schiessstand-in-betrieb-einweihung-am-21102018\/"]}]},{"@type":"ImageObject","inLanguage":"de","@id":"https:\/\/almenrausch-berglern.de\/WordPress_02\/neuer-schiessstand-in-betrieb-einweihung-am-21102018\/#primaryimage","url":"https:\/\/almenrausch-berglern.de\/WordPress_02\/wp-content\/uploads\/2018\/10\/alb_standanzeige_20180921.jpg","contentUrl":"https:\/\/almenrausch-berglern.de\/WordPress_02\/wp-content\/uploads\/2018\/10\/alb_standanzeige_20180921.jpg","width":358,"height":420},{"@type":"BreadcrumbList","@id":"https:\/\/almenrausch-berglern.de\/WordPress_02\/neuer-schiessstand-in-betrieb-einweihung-am-21102018\/#breadcrumb","itemListElement":[{"@type":"ListItem","position":1,"name":"Startseite","item":"https:\/\/almenrausch-berglern.de\/WordPress_02\/"},{"@type":"ListItem","position":2,"name":"Neuer Schiessstand in Betrieb &#8211; Einweihung am 21.10.2018"}]},{"@type":"WebSite","@id":"https:\/\/almenrausch-berglern.de\/WordPress_02\/#website","url":"https:\/\/almenrausch-berglern.de\/WordPress_02\/","name":"SG Almenrausch Berglern e.V.","description":"","potentialAction":[{"@type":"SearchAction","target":{"@type":"EntryPoint","urlTemplate":"https:\/\/almenrausch-berglern.de\/WordPress_02\/?s={search_term_string}"},"query-input":{"@type":"PropertyValueSpecification","valueRequired":true,"valueName":"search_term_string"}}],"inLanguage":"de"},{"@type":"Person","@id":"https:\/\/almenrausch-berglern.de\/WordPress_02\/#\/schema\/person\/afcf016c71e544dd07a246a131e0dc7c","name":"willi","image":{"@type":"ImageObject","inLanguage":"de","@id":"https:\/\/secure.gravatar.com\/avatar\/78d5815875c82d87f37eedb609f4c23e9e0832f1a15175689e420693042810d8?s=96&d=mm&r=g","url":"https:\/\/secure.gravatar.com\/avatar\/78d5815875c82d87f37eedb609f4c23e9e0832f1a15175689e420693042810d8?s=96&d=mm&r=g","contentUrl":"https:\/\/secure.gravatar.com\/avatar\/78d5815875c82d87f37eedb609f4c23e9e0832f1a15175689e420693042810d8?s=96&d=mm&r=g","caption":"willi"}}]}},"views":726,"publishpress_future_action":{"enabled":false,"date":"2026-05-08 11:26:26","action":"change-status","newStatus":"draft","terms":[],"taxonomy":"category","extraData":[]},"publishpress_future_workflow_manual_trigger":{"enabledWorkflows":[]},"_links":{"self":[{"href":"https:\/\/almenrausch-berglern.de\/WordPress_02\/wp-json\/wp\/v2\/posts\/1097","targetHints":{"allow":["GET"]}}],"collection":[{"href":"https:\/\/almenrausch-berglern.de\/WordPress_02\/wp-json\/wp\/v2\/posts"}],"about":[{"href":"https:\/\/almenrausch-berglern.de\/WordPress_02\/wp-json\/wp\/v2\/types\/post"}],"author":[{"embeddable":true,"href":"https:\/\/almenrausch-berglern.de\/WordPress_02\/wp-json\/wp\/v2\/users\/1"}],"replies":[{"embeddable":true,"href":"https:\/\/almenrausch-berglern.de\/WordPress_02\/wp-json\/wp\/v2\/comments?post=1097"}],"version-history":[{"count":0,"href":"https:\/\/almenrausch-berglern.de\/WordPress_02\/wp-json\/wp\/v2\/posts\/1097\/revisions"}],"wp:featuredmedia":[{"embeddable":true,"href":"https:\/\/almenrausch-berglern.de\/WordPress_02\/wp-json\/wp\/v2\/media\/1099"}],"wp:attachment":[{"href":"https:\/\/almenrausch-berglern.de\/WordPress_02\/wp-json\/wp\/v2\/media?parent=1097"}],"wp:term":[{"taxonomy":"category","embeddable":true,"href":"https:\/\/almenrausch-berglern.de\/WordPress_02\/wp-json\/wp\/v2\/categories?post=1097"},{"taxonomy":"post_tag","embeddable":true,"href":"https:\/\/almenrausch-berglern.de\/WordPress_02\/wp-json\/wp\/v2\/tags?post=1097"}],"curies":[{"name":"wp","href":"https:\/\/api.w.org\/{rel}","templated":true}]}}