{"id":1422,"date":"2019-03-25T19:38:08","date_gmt":"2019-03-25T19:38:08","guid":{"rendered":"https:\/\/almenrausch-berglern.de\/WordPress_02\/?p=1422"},"modified":"2019-03-28T19:39:20","modified_gmt":"2019-03-28T19:39:20","slug":"standumbau-arbeiten-im-plan-2-2","status":"publish","type":"post","link":"https:\/\/almenrausch-berglern.de\/WordPress_02\/jahreshauptversammlung-31032019\/","title":{"rendered":"Einladung zur Jahreshauptversammlung am 31.03.2019"},"content":{"rendered":"<p>Die Almenrausch-Sch\u00fctzen sind herzlich zur Generalversammlung am<\/p>\n<p>&nbsp; <strong>31.03.2019, 19:00 Uhr<\/strong> im <strong>Wia Z\u00b4Haus z\u00b4Lern<\/strong> &nbsp;eingeladen.<\/p>\n<p><strong>Tagesordnung:<\/strong><br \/>\n1. Begr\u00fc\u00dfung und Er\u00f6ffnung der Versammlung<br \/>\n2. Gedenken der verstorbenen Mitglieder<br \/>\n3. Genehmigung der Tagesordnung<br \/>\n4. Jahresberichte<br \/>\n4a. des 1. Sch\u00fctzenmeisters \u00fcber das abgelaufene Jahr<br \/>\n4b. des 1. Schatzmeisters \u00fcber die Jahresrechnung<br \/>\n4c. des 1. Sportleiters<br \/>\n4d. des 1. Jugendleiters<br \/>\n4e. Bericht der Rechnungspr\u00fcfer<br \/>\n5. Entlastung des Sch\u00fctzenmeisteramtes auf Antrag der Rechnungspr\u00fcfer<br \/>\n6. Festlegung des Jahresbeitrages<br \/>\n7. Antr\u00e4ge \u2013 diese m\u00fcssen bis sp\u00e4testens 24.03.2019 beim 1. Sch\u00fctzenmeister eingegangen sein<br \/>\n8. Termine<br \/>\n9. Verschiedenes \u2013 Anregungen<\/p>\n<p>Um p\u00fcnktliches und zahlreiches Erscheinen wird gebeten. Eine Teilnahme in Sch\u00fctzenkleidung ist w\u00fcnschenswert.<\/p>\n<p>Mit freundlichem Sch\u00fctzengru\u00df<\/p>\n<p>Nikolaus Fellermeier &nbsp; &nbsp; &nbsp;Heinz Reese<br \/>\n1. Sch\u00fctzenmeister &nbsp; &nbsp; &nbsp; &nbsp;1. Schriftf\u00fchrer<\/p>\n<p><strong>Wichtiger Hinweis:<span class=\"Apple-converted-space\">&nbsp;<\/span><\/strong><br \/>\nDer Verein erh\u00e4lt eine Spende von 20 EUR je Haushalt bei Abschluss eines Vertrages mit der deutschen Glasfaser. Dazu einfach bei Vertragsabschluss auf die Almenrausch-Mitgliedschaft hinweisen. Vielen Dank f\u00fcr Eure Unterst\u00fctzung!<\/p>\n<p>&nbsp;<\/p>\n","protected":false},"excerpt":{"rendered":"<p>Die Almenrausch-Sch\u00fctzen sind herzlich zur Generalversammlung am &nbsp; 31.03.2019, 19:00 Uhr im Wia Z\u00b4Haus z\u00b4Lern &nbsp;eingeladen. Tagesordnung: 1. Begr\u00fc\u00dfung und Er\u00f6ffnung der Versammlung 2. Gedenken der verstorbenen Mitglieder 3. Genehmigung der Tagesordnung 4. Jahresberichte 4a. des 1. Sch\u00fctzenmeisters \u00fcber das <span class=\"excerpt-dots\">&hellip;<\/span> <a class=\"more-link\" href=\"https:\/\/almenrausch-berglern.de\/WordPress_02\/jahreshauptversammlung-31032019\/\"><span class=\"more-msg\">Hier weiterlesen &#8230;<\/span><\/a><\/p>\n","protected":false},"author":1,"featured_media":0,"comment_status":"closed","ping_status":"closed","sticky":false,"template":"","format":"standard","meta":{"ngg_post_thumbnail":0,"footnotes":""},"categories":[1,7],"tags":[],"class_list":["post-1422","post","type-post","status-publish","format-standard","hentry","category-allgemein","category-verein"],"yoast_head":"<!-- This site is optimized with the Yoast SEO plugin v27.2 - https:\/\/yoast.com\/product\/yoast-seo-wordpress\/ -->\n<title>Einladung zur Jahreshauptversammlung am 31.03.2019 - SG Almenrausch Berglern e.V.<\/title>\n<meta name=\"robots\" content=\"index, follow, max-snippet:-1, max-image-preview:large, max-video-preview:-1\" \/>\n<link rel=\"canonical\" href=\"https:\/\/almenrausch-berglern.de\/WordPress_02\/jahreshauptversammlung-31032019\/\" \/>\n<meta property=\"og:locale\" content=\"de_DE\" \/>\n<meta property=\"og:type\" content=\"article\" \/>\n<meta property=\"og:title\" content=\"Einladung zur Jahreshauptversammlung am 31.03.2019 - SG Almenrausch Berglern e.V.\" \/>\n<meta property=\"og:description\" content=\"Die Almenrausch-Sch\u00fctzen sind herzlich zur Generalversammlung am &nbsp; 31.03.2019, 19:00 Uhr im Wia Z\u00b4Haus z\u00b4Lern &nbsp;eingeladen. Tagesordnung: 1. Begr\u00fc\u00dfung und Er\u00f6ffnung der Versammlung 2. Gedenken der verstorbenen Mitglieder 3. Genehmigung der Tagesordnung 4. Jahresberichte 4a. des 1. Sch\u00fctzenmeisters \u00fcber das &hellip; Hier weiterlesen ...\" \/>\n<meta property=\"og:url\" content=\"https:\/\/almenrausch-berglern.de\/WordPress_02\/jahreshauptversammlung-31032019\/\" \/>\n<meta property=\"og:site_name\" content=\"SG Almenrausch Berglern e.V.\" \/>\n<meta property=\"article:published_time\" content=\"2019-03-25T19:38:08+00:00\" \/>\n<meta property=\"article:modified_time\" content=\"2019-03-28T19:39:20+00:00\" \/>\n<meta name=\"author\" content=\"willi\" \/>\n<meta name=\"twitter:card\" content=\"summary_large_image\" \/>\n<meta name=\"twitter:label1\" content=\"Verfasst von\" \/>\n\t<meta name=\"twitter:data1\" content=\"willi\" \/>\n\t<meta name=\"twitter:label2\" content=\"Gesch\u00e4tzte Lesezeit\" \/>\n\t<meta name=\"twitter:data2\" content=\"1\u00a0Minute\" \/>\n<script type=\"application\/ld+json\" class=\"yoast-schema-graph\">{\"@context\":\"https:\/\/schema.org\",\"@graph\":[{\"@type\":\"Article\",\"@id\":\"https:\/\/almenrausch-berglern.de\/WordPress_02\/jahreshauptversammlung-31032019\/#article\",\"isPartOf\":{\"@id\":\"https:\/\/almenrausch-berglern.de\/WordPress_02\/jahreshauptversammlung-31032019\/\"},\"author\":{\"name\":\"willi\",\"@id\":\"https:\/\/almenrausch-berglern.de\/WordPress_02\/#\/schema\/person\/afcf016c71e544dd07a246a131e0dc7c\"},\"headline\":\"Einladung zur Jahreshauptversammlung am 31.03.2019\",\"datePublished\":\"2019-03-25T19:38:08+00:00\",\"dateModified\":\"2019-03-28T19:39:20+00:00\",\"mainEntityOfPage\":{\"@id\":\"https:\/\/almenrausch-berglern.de\/WordPress_02\/jahreshauptversammlung-31032019\/\"},\"wordCount\":163,\"articleSection\":{\"1\":\"Verein\"},\"inLanguage\":\"de\"},{\"@type\":\"WebPage\",\"@id\":\"https:\/\/almenrausch-berglern.de\/WordPress_02\/jahreshauptversammlung-31032019\/\",\"url\":\"https:\/\/almenrausch-berglern.de\/WordPress_02\/jahreshauptversammlung-31032019\/\",\"name\":\"Einladung zur Jahreshauptversammlung am 31.03.2019 - SG Almenrausch Berglern e.V.\",\"isPartOf\":{\"@id\":\"https:\/\/almenrausch-berglern.de\/WordPress_02\/#website\"},\"datePublished\":\"2019-03-25T19:38:08+00:00\",\"dateModified\":\"2019-03-28T19:39:20+00:00\",\"author\":{\"@id\":\"https:\/\/almenrausch-berglern.de\/WordPress_02\/#\/schema\/person\/afcf016c71e544dd07a246a131e0dc7c\"},\"breadcrumb\":{\"@id\":\"https:\/\/almenrausch-berglern.de\/WordPress_02\/jahreshauptversammlung-31032019\/#breadcrumb\"},\"inLanguage\":\"de\",\"potentialAction\":[{\"@type\":\"ReadAction\",\"target\":[\"https:\/\/almenrausch-berglern.de\/WordPress_02\/jahreshauptversammlung-31032019\/\"]}]},{\"@type\":\"BreadcrumbList\",\"@id\":\"https:\/\/almenrausch-berglern.de\/WordPress_02\/jahreshauptversammlung-31032019\/#breadcrumb\",\"itemListElement\":[{\"@type\":\"ListItem\",\"position\":1,\"name\":\"Startseite\",\"item\":\"https:\/\/almenrausch-berglern.de\/WordPress_02\/\"},{\"@type\":\"ListItem\",\"position\":2,\"name\":\"Einladung zur Jahreshauptversammlung am 31.03.2019\"}]},{\"@type\":\"WebSite\",\"@id\":\"https:\/\/almenrausch-berglern.de\/WordPress_02\/#website\",\"url\":\"https:\/\/almenrausch-berglern.de\/WordPress_02\/\",\"name\":\"SG Almenrausch Berglern e.V.\",\"description\":\"\",\"potentialAction\":[{\"@type\":\"SearchAction\",\"target\":{\"@type\":\"EntryPoint\",\"urlTemplate\":\"https:\/\/almenrausch-berglern.de\/WordPress_02\/?s={search_term_string}\"},\"query-input\":{\"@type\":\"PropertyValueSpecification\",\"valueRequired\":true,\"valueName\":\"search_term_string\"}}],\"inLanguage\":\"de\"},{\"@type\":\"Person\",\"@id\":\"https:\/\/almenrausch-berglern.de\/WordPress_02\/#\/schema\/person\/afcf016c71e544dd07a246a131e0dc7c\",\"name\":\"willi\",\"image\":{\"@type\":\"ImageObject\",\"inLanguage\":\"de\",\"@id\":\"https:\/\/secure.gravatar.com\/avatar\/78d5815875c82d87f37eedb609f4c23e9e0832f1a15175689e420693042810d8?s=96&d=mm&r=g\",\"url\":\"https:\/\/secure.gravatar.com\/avatar\/78d5815875c82d87f37eedb609f4c23e9e0832f1a15175689e420693042810d8?s=96&d=mm&r=g\",\"contentUrl\":\"https:\/\/secure.gravatar.com\/avatar\/78d5815875c82d87f37eedb609f4c23e9e0832f1a15175689e420693042810d8?s=96&d=mm&r=g\",\"caption\":\"willi\"}}]}<\/script>\n<!-- \/ Yoast SEO plugin. -->","yoast_head_json":{"title":"Einladung zur Jahreshauptversammlung am 31.03.2019 - SG Almenrausch Berglern e.V.","robots":{"index":"index","follow":"follow","max-snippet":"max-snippet:-1","max-image-preview":"max-image-preview:large","max-video-preview":"max-video-preview:-1"},"canonical":"https:\/\/almenrausch-berglern.de\/WordPress_02\/jahreshauptversammlung-31032019\/","og_locale":"de_DE","og_type":"article","og_title":"Einladung zur Jahreshauptversammlung am 31.03.2019 - SG Almenrausch Berglern e.V.","og_description":"Die Almenrausch-Sch\u00fctzen sind herzlich zur Generalversammlung am &nbsp; 31.03.2019, 19:00 Uhr im Wia Z\u00b4Haus z\u00b4Lern &nbsp;eingeladen. Tagesordnung: 1. Begr\u00fc\u00dfung und Er\u00f6ffnung der Versammlung 2. Gedenken der verstorbenen Mitglieder 3. Genehmigung der Tagesordnung 4. Jahresberichte 4a. des 1. Sch\u00fctzenmeisters \u00fcber das &hellip; Hier weiterlesen ...","og_url":"https:\/\/almenrausch-berglern.de\/WordPress_02\/jahreshauptversammlung-31032019\/","og_site_name":"SG Almenrausch Berglern e.V.","article_published_time":"2019-03-25T19:38:08+00:00","article_modified_time":"2019-03-28T19:39:20+00:00","author":"willi","twitter_card":"summary_large_image","twitter_misc":{"Verfasst von":"willi","Gesch\u00e4tzte Lesezeit":"1\u00a0Minute"},"schema":{"@context":"https:\/\/schema.org","@graph":[{"@type":"Article","@id":"https:\/\/almenrausch-berglern.de\/WordPress_02\/jahreshauptversammlung-31032019\/#article","isPartOf":{"@id":"https:\/\/almenrausch-berglern.de\/WordPress_02\/jahreshauptversammlung-31032019\/"},"author":{"name":"willi","@id":"https:\/\/almenrausch-berglern.de\/WordPress_02\/#\/schema\/person\/afcf016c71e544dd07a246a131e0dc7c"},"headline":"Einladung zur Jahreshauptversammlung am 31.03.2019","datePublished":"2019-03-25T19:38:08+00:00","dateModified":"2019-03-28T19:39:20+00:00","mainEntityOfPage":{"@id":"https:\/\/almenrausch-berglern.de\/WordPress_02\/jahreshauptversammlung-31032019\/"},"wordCount":163,"articleSection":{"1":"Verein"},"inLanguage":"de"},{"@type":"WebPage","@id":"https:\/\/almenrausch-berglern.de\/WordPress_02\/jahreshauptversammlung-31032019\/","url":"https:\/\/almenrausch-berglern.de\/WordPress_02\/jahreshauptversammlung-31032019\/","name":"Einladung zur Jahreshauptversammlung am 31.03.2019 - SG Almenrausch Berglern e.V.","isPartOf":{"@id":"https:\/\/almenrausch-berglern.de\/WordPress_02\/#website"},"datePublished":"2019-03-25T19:38:08+00:00","dateModified":"2019-03-28T19:39:20+00:00","author":{"@id":"https:\/\/almenrausch-berglern.de\/WordPress_02\/#\/schema\/person\/afcf016c71e544dd07a246a131e0dc7c"},"breadcrumb":{"@id":"https:\/\/almenrausch-berglern.de\/WordPress_02\/jahreshauptversammlung-31032019\/#breadcrumb"},"inLanguage":"de","potentialAction":[{"@type":"ReadAction","target":["https:\/\/almenrausch-berglern.de\/WordPress_02\/jahreshauptversammlung-31032019\/"]}]},{"@type":"BreadcrumbList","@id":"https:\/\/almenrausch-berglern.de\/WordPress_02\/jahreshauptversammlung-31032019\/#breadcrumb","itemListElement":[{"@type":"ListItem","position":1,"name":"Startseite","item":"https:\/\/almenrausch-berglern.de\/WordPress_02\/"},{"@type":"ListItem","position":2,"name":"Einladung zur Jahreshauptversammlung am 31.03.2019"}]},{"@type":"WebSite","@id":"https:\/\/almenrausch-berglern.de\/WordPress_02\/#website","url":"https:\/\/almenrausch-berglern.de\/WordPress_02\/","name":"SG Almenrausch Berglern e.V.","description":"","potentialAction":[{"@type":"SearchAction","target":{"@type":"EntryPoint","urlTemplate":"https:\/\/almenrausch-berglern.de\/WordPress_02\/?s={search_term_string}"},"query-input":{"@type":"PropertyValueSpecification","valueRequired":true,"valueName":"search_term_string"}}],"inLanguage":"de"},{"@type":"Person","@id":"https:\/\/almenrausch-berglern.de\/WordPress_02\/#\/schema\/person\/afcf016c71e544dd07a246a131e0dc7c","name":"willi","image":{"@type":"ImageObject","inLanguage":"de","@id":"https:\/\/secure.gravatar.com\/avatar\/78d5815875c82d87f37eedb609f4c23e9e0832f1a15175689e420693042810d8?s=96&d=mm&r=g","url":"https:\/\/secure.gravatar.com\/avatar\/78d5815875c82d87f37eedb609f4c23e9e0832f1a15175689e420693042810d8?s=96&d=mm&r=g","contentUrl":"https:\/\/secure.gravatar.com\/avatar\/78d5815875c82d87f37eedb609f4c23e9e0832f1a15175689e420693042810d8?s=96&d=mm&r=g","caption":"willi"}}]}},"views":894,"publishpress_future_action":{"enabled":false,"date":"2026-05-10 08:16:19","action":"change-status","newStatus":"draft","terms":[],"taxonomy":"category","extraData":[]},"publishpress_future_workflow_manual_trigger":{"enabledWorkflows":[]},"_links":{"self":[{"href":"https:\/\/almenrausch-berglern.de\/WordPress_02\/wp-json\/wp\/v2\/posts\/1422","targetHints":{"allow":["GET"]}}],"collection":[{"href":"https:\/\/almenrausch-berglern.de\/WordPress_02\/wp-json\/wp\/v2\/posts"}],"about":[{"href":"https:\/\/almenrausch-berglern.de\/WordPress_02\/wp-json\/wp\/v2\/types\/post"}],"author":[{"embeddable":true,"href":"https:\/\/almenrausch-berglern.de\/WordPress_02\/wp-json\/wp\/v2\/users\/1"}],"replies":[{"embeddable":true,"href":"https:\/\/almenrausch-berglern.de\/WordPress_02\/wp-json\/wp\/v2\/comments?post=1422"}],"version-history":[{"count":0,"href":"https:\/\/almenrausch-berglern.de\/WordPress_02\/wp-json\/wp\/v2\/posts\/1422\/revisions"}],"wp:attachment":[{"href":"https:\/\/almenrausch-berglern.de\/WordPress_02\/wp-json\/wp\/v2\/media?parent=1422"}],"wp:term":[{"taxonomy":"category","embeddable":true,"href":"https:\/\/almenrausch-berglern.de\/WordPress_02\/wp-json\/wp\/v2\/categories?post=1422"},{"taxonomy":"post_tag","embeddable":true,"href":"https:\/\/almenrausch-berglern.de\/WordPress_02\/wp-json\/wp\/v2\/tags?post=1422"}],"curies":[{"name":"wp","href":"https:\/\/api.w.org\/{rel}","templated":true}]}}