{"id":1431,"date":"2019-05-05T19:24:39","date_gmt":"2019-05-05T19:24:39","guid":{"rendered":"https:\/\/almenrausch-berglern.de\/WordPress_02\/?p=1431"},"modified":"2019-05-20T20:54:57","modified_gmt":"2019-05-20T20:54:57","slug":"1-mai-feier-01-05-2017-4-2","status":"publish","type":"post","link":"https:\/\/almenrausch-berglern.de\/WordPress_02\/1-mai-feier-01052019\/","title":{"rendered":"1. Mai-Feier 01.05.2019"},"content":{"rendered":"<p>Mit der traditionellen 1.Mai-Feier haben die Almenrausch-Sch\u00fctzen den Abschluss der Saison 2018\/2019 gefeiert. Nach dem Kirchenzug und der hl. Messe zu Ehren der verstorbenen Mitglieder wurden im Anschluss die Sch\u00fctzenk\u00f6nige proklamiert und die Meister der abgelaufenen Schiesssaison geehrt. Eine ganz Reihe von Mitgliedern wurden f\u00fcr ihre langj\u00e4hrige Vereinstreue geehrt. Zum 44. Mal in Folge hat die Marktkapelle Wartenberg die 1.Mai-Feier der Almenrausch-Sch\u00fctzen begleitet.<\/p>\n<p><strong>Jugendscheibe:<\/strong><br>Die f\u00fcr die Saison 2018\/2019 durch G\u00fcnter Wichary gestiftete Jugenscheibe gewann Dominik Lukarski.<\/p>\n<p><strong>K\u00f6nigsschiessen:<\/strong><br>Mit einem 44,1-Teiler wurde Florian Irl Jugendk\u00f6nig, knapp vor Marco Melerowitz, der mit einem 44,4-Teiler auf Platz zwei landete. Auf dem dritten Platz landete Sophia Irl mit einen 64,4-Teiler.<\/p>\n<p>Beinahe genau so eng lief das Rennen bei den Erwachsenen. Hier landete Ansgar Bodenberger den besten Teiler (35,0-Teiler) und darf f\u00fcr ein Jahr die K\u00f6nigskette tragen. Mit einem 36,0-Teiler kam Danny Holzinger, der Sch\u00fctzenk\u00f6nig des vorletzten Jahres, auf Platz zwei. Bretzenk\u00f6nigin wurde Lena Brandlmeier durch ihren Treffer zu einem 42,4-Teiler.<\/p>\n<p><strong>F\u00fcr langj\u00e4hrige Mitgliedschaft wurden geehrt:<\/strong><br>Annemarie Fruhstorfer, Doris Schr\u00f6dl, Christian Pr\u00f6ls (25 Jahre)<br>Gerhard Bauer, Arnold Lerch, Josef Wimmer (40 Jahre)<br>Paul Eibl, Johann Gro\u00df, Simon Bauer, Martin Neumeier, Herbert Knur (50 Jahre)<br>Richard Wimmer sen., Johann Forster sen. (55 Jahre)<br>Georg Schr\u00f6dl, Kaspar Bauer (60 Jahre)<\/p>\n<p><strong>Die Meister der Saison:<\/strong><br>A-Klasse:<br>1. Melerowitz Stefanie (100,0)<br>2. Brandlmeier Lena (99,9)<br>3. Schr\u00f6dl Erich (99,7)<br>Altersklasse:<br>1. Bauer Rudolf (102,9)<br>2. Huber Konrad (101,7)<br>3. Kolb Wolfgang (101,0)<br>Auflageklasse:<br>1. Kressierer Hermine (105,6)<br>2. Kressierer Anton (104,4)<br>3. Reese Heinz (104,3)<br>B-Klasse:<br>1. Wimmer Franziska (92,9)<br>2. Irl Martin (92,7)<br>3. Held Ludwig (91,7)<br>Jugendklasse:<br>1. Brandlmeier Marie (101,6)<br>2. Irl Florian (89,4)<br>Lichtgewehr:<br>1. Irl Sophie (97,9)<br>2. Helmeke Johanna (87,8)<br>3. Forster Katharina (86,2)<br>Luftpistole:<br>1. Huber Robert (91,1)<br>2. Eberl Michael (89,9)<br>3. Kressierer Christoph (88,2)<br>Sch\u00fclerklasse:<br>1. Melerowitz Marco (97,9)<br>2. Aigner Andrea (93,5)<br>3. Bodenberger Charlotte (88,1)<\/p>\n<p><strong>Blattlwertung:<\/strong><br>1. Kressierer Anton 1,8-Teiler<br>2. Eberl Rosemarie 5.0-Teiler<br>3. Keer Anastasia 6.7-Teiler<\/p>\n<p><strong>Bilder:<\/strong><br><style type=\"text\/css\">\n#foogallery-gallery-1442.fg-justified .fg-item { margin-right: 1px; margin-bottom: 1px; }\n#foogallery-gallery-1442.fg-justified .fg-image { height: 150px; }<\/style>\n\t\t\t<div class=\"foogallery foogallery-container foogallery-justified foogallery-lightbox-foobox fg-justified fg-ready fg-light fg-border-thin fg-shadow-outline fg-loading-default fg-loaded-fade-in fg-caption-hover fg-hover-fade fg-hover-zoom\" id=\"foogallery-gallery-1442\" data-foogallery=\"{&quot;item&quot;:{&quot;showCaptionTitle&quot;:true,&quot;showCaptionDescription&quot;:true},&quot;lazy&quot;:true,&quot;template&quot;:{&quot;rowHeight&quot;:150,&quot;maxRowHeight&quot;:300,&quot;margins&quot;:1,&quot;align&quot;:&quot;center&quot;,&quot;lastRow&quot;:&quot;smart&quot;}}\" style=\"--fg-title-line-clamp: 0; --fg-description-line-clamp: 0;\" >\n\t<div class=\"fg-item fg-type-image fg-idle\"><figure class=\"fg-item-inner\"><a href=\"https:\/\/almenrausch-berglern.de\/WordPress_02\/wp-content\/uploads\/2019\/05\/20190501_110118a.jpg\" data-attachment-id=\"1448\" data-type=\"image\" class=\"fg-thumb\"><span class=\"fg-image-wrap\"><img fetchpriority=\"high\" decoding=\"async\" height=\"300\" width=\"533\" class=\"skip-lazy fg-image\" data-src-fg=\"https:\/\/almenrausch-berglern.de\/WordPress_02\/wp-content\/uploads\/cache\/2019\/05\/20190501_110118a\/3644587017.jpg\" src=\"data:image\/svg+xml,%3Csvg%20xmlns%3D%22http%3A%2F%2Fwww.w3.org%2F2000%2Fsvg%22%20width%3D%22533%22%20height%3D%22300%22%20viewBox%3D%220%200%20533%20300%22%3E%3C%2Fsvg%3E\" loading=\"eager\"><\/span><span class=\"fg-image-overlay\"><\/span><\/a><\/figure><div class=\"fg-loader\"><\/div><\/div><div class=\"fg-item fg-type-image fg-idle\"><figure class=\"fg-item-inner\"><a href=\"https:\/\/almenrausch-berglern.de\/WordPress_02\/wp-content\/uploads\/2019\/05\/20190501_113535a.jpg\" data-attachment-id=\"1449\" data-type=\"image\" class=\"fg-thumb\"><span class=\"fg-image-wrap\"><img decoding=\"async\" height=\"300\" width=\"533\" class=\"skip-lazy fg-image\" data-src-fg=\"https:\/\/almenrausch-berglern.de\/WordPress_02\/wp-content\/uploads\/cache\/2019\/05\/20190501_113535a\/2352086631.jpg\" src=\"data:image\/svg+xml,%3Csvg%20xmlns%3D%22http%3A%2F%2Fwww.w3.org%2F2000%2Fsvg%22%20width%3D%22533%22%20height%3D%22300%22%20viewBox%3D%220%200%20533%20300%22%3E%3C%2Fsvg%3E\" loading=\"eager\"><\/span><span class=\"fg-image-overlay\"><\/span><\/a><\/figure><div class=\"fg-loader\"><\/div><\/div><div class=\"fg-item fg-type-image fg-idle\"><figure class=\"fg-item-inner\"><a href=\"https:\/\/almenrausch-berglern.de\/WordPress_02\/wp-content\/uploads\/2019\/05\/20190501_121434a.jpg\" data-attachment-id=\"1450\" data-type=\"image\" class=\"fg-thumb\"><span class=\"fg-image-wrap\"><img decoding=\"async\" height=\"300\" width=\"533\" class=\"skip-lazy fg-image\" data-src-fg=\"https:\/\/almenrausch-berglern.de\/WordPress_02\/wp-content\/uploads\/cache\/2019\/05\/20190501_121434a\/1553850220.jpg\" src=\"data:image\/svg+xml,%3Csvg%20xmlns%3D%22http%3A%2F%2Fwww.w3.org%2F2000%2Fsvg%22%20width%3D%22533%22%20height%3D%22300%22%20viewBox%3D%220%200%20533%20300%22%3E%3C%2Fsvg%3E\" loading=\"eager\"><\/span><span class=\"fg-image-overlay\"><\/span><\/a><\/figure><div class=\"fg-loader\"><\/div><\/div><div class=\"fg-item fg-type-image fg-idle\"><figure class=\"fg-item-inner\"><a href=\"https:\/\/almenrausch-berglern.de\/WordPress_02\/wp-content\/uploads\/2019\/05\/Sam_3536a.jpg\" data-attachment-id=\"1451\" data-type=\"image\" class=\"fg-thumb\"><span class=\"fg-image-wrap\"><img decoding=\"async\" height=\"300\" width=\"533\" class=\"skip-lazy fg-image\" data-src-fg=\"https:\/\/almenrausch-berglern.de\/WordPress_02\/wp-content\/uploads\/cache\/2019\/05\/Sam_3536a\/2283482923.jpg\" src=\"data:image\/svg+xml,%3Csvg%20xmlns%3D%22http%3A%2F%2Fwww.w3.org%2F2000%2Fsvg%22%20width%3D%22533%22%20height%3D%22300%22%20viewBox%3D%220%200%20533%20300%22%3E%3C%2Fsvg%3E\" loading=\"eager\"><\/span><span class=\"fg-image-overlay\"><\/span><\/a><\/figure><div class=\"fg-loader\"><\/div><\/div><div class=\"fg-item fg-type-image fg-idle\"><figure class=\"fg-item-inner\"><a href=\"https:\/\/almenrausch-berglern.de\/WordPress_02\/wp-content\/uploads\/2019\/05\/Sam_3541a.jpg\" data-attachment-id=\"1452\" data-type=\"image\" class=\"fg-thumb\"><span class=\"fg-image-wrap\"><img decoding=\"async\" height=\"300\" width=\"533\" class=\"skip-lazy fg-image\" data-src-fg=\"https:\/\/almenrausch-berglern.de\/WordPress_02\/wp-content\/uploads\/cache\/2019\/05\/Sam_3541a\/610121140.jpg\" src=\"data:image\/svg+xml,%3Csvg%20xmlns%3D%22http%3A%2F%2Fwww.w3.org%2F2000%2Fsvg%22%20width%3D%22533%22%20height%3D%22300%22%20viewBox%3D%220%200%20533%20300%22%3E%3C%2Fsvg%3E\" loading=\"eager\"><\/span><span class=\"fg-image-overlay\"><\/span><\/a><\/figure><div class=\"fg-loader\"><\/div><\/div><div class=\"fg-item fg-type-image fg-idle\"><figure class=\"fg-item-inner\"><a href=\"https:\/\/almenrausch-berglern.de\/WordPress_02\/wp-content\/uploads\/2019\/05\/Sam_3550a.jpg\" data-attachment-id=\"1453\" data-type=\"image\" class=\"fg-thumb\"><span class=\"fg-image-wrap\"><img decoding=\"async\" height=\"300\" width=\"400\" class=\"skip-lazy fg-image\" data-src-fg=\"https:\/\/almenrausch-berglern.de\/WordPress_02\/wp-content\/uploads\/cache\/2019\/05\/Sam_3550a\/3310194988.jpg\" src=\"data:image\/svg+xml,%3Csvg%20xmlns%3D%22http%3A%2F%2Fwww.w3.org%2F2000%2Fsvg%22%20width%3D%22400%22%20height%3D%22300%22%20viewBox%3D%220%200%20400%20300%22%3E%3C%2Fsvg%3E\" loading=\"eager\"><\/span><span class=\"fg-image-overlay\"><\/span><\/a><\/figure><div class=\"fg-loader\"><\/div><\/div><div class=\"fg-item fg-type-image fg-idle\"><figure class=\"fg-item-inner\"><a href=\"https:\/\/almenrausch-berglern.de\/WordPress_02\/wp-content\/uploads\/2019\/05\/Sam_3557a.jpg\" data-attachment-id=\"1454\" data-type=\"image\" class=\"fg-thumb\"><span class=\"fg-image-wrap\"><img decoding=\"async\" height=\"300\" width=\"482\" class=\"skip-lazy fg-image\" data-src-fg=\"https:\/\/almenrausch-berglern.de\/WordPress_02\/wp-content\/uploads\/cache\/2019\/05\/Sam_3557a\/3983703902.jpg\" src=\"data:image\/svg+xml,%3Csvg%20xmlns%3D%22http%3A%2F%2Fwww.w3.org%2F2000%2Fsvg%22%20width%3D%22482%22%20height%3D%22300%22%20viewBox%3D%220%200%20482%20300%22%3E%3C%2Fsvg%3E\" loading=\"eager\"><\/span><span class=\"fg-image-overlay\"><\/span><\/a><\/figure><div class=\"fg-loader\"><\/div><\/div><div class=\"fg-item fg-type-image fg-idle\"><figure class=\"fg-item-inner\"><a href=\"https:\/\/almenrausch-berglern.de\/WordPress_02\/wp-content\/uploads\/2019\/05\/Sam_3558a.jpg\" data-attachment-id=\"1455\" data-type=\"image\" class=\"fg-thumb\"><span class=\"fg-image-wrap\"><img decoding=\"async\" height=\"300\" width=\"531\" class=\"skip-lazy fg-image\" data-src-fg=\"https:\/\/almenrausch-berglern.de\/WordPress_02\/wp-content\/uploads\/cache\/2019\/05\/Sam_3558a\/727903082.jpg\" src=\"data:image\/svg+xml,%3Csvg%20xmlns%3D%22http%3A%2F%2Fwww.w3.org%2F2000%2Fsvg%22%20width%3D%22531%22%20height%3D%22300%22%20viewBox%3D%220%200%20531%20300%22%3E%3C%2Fsvg%3E\" loading=\"eager\"><\/span><span class=\"fg-image-overlay\"><\/span><\/a><\/figure><div class=\"fg-loader\"><\/div><\/div><div class=\"fg-item fg-type-image fg-idle\"><figure class=\"fg-item-inner\"><a href=\"https:\/\/almenrausch-berglern.de\/WordPress_02\/wp-content\/uploads\/2019\/05\/Sam_3560a.jpg\" data-attachment-id=\"1456\" data-type=\"image\" class=\"fg-thumb\"><span class=\"fg-image-wrap\"><img decoding=\"async\" height=\"300\" width=\"396\" class=\"skip-lazy fg-image\" data-src-fg=\"https:\/\/almenrausch-berglern.de\/WordPress_02\/wp-content\/uploads\/cache\/2019\/05\/Sam_3560a\/1366695518.jpg\" src=\"data:image\/svg+xml,%3Csvg%20xmlns%3D%22http%3A%2F%2Fwww.w3.org%2F2000%2Fsvg%22%20width%3D%22396%22%20height%3D%22300%22%20viewBox%3D%220%200%20396%20300%22%3E%3C%2Fsvg%3E\" loading=\"eager\"><\/span><span class=\"fg-image-overlay\"><\/span><\/a><\/figure><div class=\"fg-loader\"><\/div><\/div><div class=\"fg-item fg-type-image fg-idle\"><figure class=\"fg-item-inner\"><a href=\"https:\/\/almenrausch-berglern.de\/WordPress_02\/wp-content\/uploads\/2019\/05\/Sam_3563a.jpg\" data-attachment-id=\"1458\" data-type=\"image\" class=\"fg-thumb\"><span class=\"fg-image-wrap\"><img decoding=\"async\" height=\"300\" width=\"400\" class=\"skip-lazy fg-image\" data-src-fg=\"https:\/\/almenrausch-berglern.de\/WordPress_02\/wp-content\/uploads\/cache\/2019\/05\/Sam_3563a\/4031129069.jpg\" src=\"data:image\/svg+xml,%3Csvg%20xmlns%3D%22http%3A%2F%2Fwww.w3.org%2F2000%2Fsvg%22%20width%3D%22400%22%20height%3D%22300%22%20viewBox%3D%220%200%20400%20300%22%3E%3C%2Fsvg%3E\" loading=\"eager\"><\/span><span class=\"fg-image-overlay\"><\/span><\/a><\/figure><div class=\"fg-loader\"><\/div><\/div><div class=\"fg-item fg-type-image fg-idle\"><figure class=\"fg-item-inner\"><a href=\"https:\/\/almenrausch-berglern.de\/WordPress_02\/wp-content\/uploads\/2019\/05\/Sam_3564a.jpg\" data-attachment-id=\"1459\" data-type=\"image\" class=\"fg-thumb\"><span class=\"fg-image-wrap\"><img decoding=\"async\" height=\"300\" width=\"400\" class=\"skip-lazy fg-image\" data-src-fg=\"https:\/\/almenrausch-berglern.de\/WordPress_02\/wp-content\/uploads\/cache\/2019\/05\/Sam_3564a\/2374898625.jpg\" src=\"data:image\/svg+xml,%3Csvg%20xmlns%3D%22http%3A%2F%2Fwww.w3.org%2F2000%2Fsvg%22%20width%3D%22400%22%20height%3D%22300%22%20viewBox%3D%220%200%20400%20300%22%3E%3C%2Fsvg%3E\" loading=\"eager\"><\/span><span class=\"fg-image-overlay\"><\/span><\/a><\/figure><div class=\"fg-loader\"><\/div><\/div><div class=\"fg-item fg-type-image fg-idle\"><figure class=\"fg-item-inner\"><a href=\"https:\/\/almenrausch-berglern.de\/WordPress_02\/wp-content\/uploads\/2019\/05\/Sam_3567a.jpg\" data-attachment-id=\"1460\" data-type=\"image\" class=\"fg-thumb\"><span class=\"fg-image-wrap\"><img decoding=\"async\" height=\"300\" width=\"400\" class=\"skip-lazy fg-image\" data-src-fg=\"https:\/\/almenrausch-berglern.de\/WordPress_02\/wp-content\/uploads\/cache\/2019\/05\/Sam_3567a\/3407572348.jpg\" src=\"data:image\/svg+xml,%3Csvg%20xmlns%3D%22http%3A%2F%2Fwww.w3.org%2F2000%2Fsvg%22%20width%3D%22400%22%20height%3D%22300%22%20viewBox%3D%220%200%20400%20300%22%3E%3C%2Fsvg%3E\" loading=\"eager\"><\/span><span class=\"fg-image-overlay\"><\/span><\/a><\/figure><div class=\"fg-loader\"><\/div><\/div><div class=\"fg-item fg-type-image fg-idle\"><figure class=\"fg-item-inner\"><a href=\"https:\/\/almenrausch-berglern.de\/WordPress_02\/wp-content\/uploads\/2019\/05\/Sam_3569a.jpg\" data-attachment-id=\"1461\" data-type=\"image\" class=\"fg-thumb\"><span class=\"fg-image-wrap\"><img decoding=\"async\" height=\"300\" width=\"400\" class=\"skip-lazy fg-image\" data-src-fg=\"https:\/\/almenrausch-berglern.de\/WordPress_02\/wp-content\/uploads\/cache\/2019\/05\/Sam_3569a\/443608331.jpg\" src=\"data:image\/svg+xml,%3Csvg%20xmlns%3D%22http%3A%2F%2Fwww.w3.org%2F2000%2Fsvg%22%20width%3D%22400%22%20height%3D%22300%22%20viewBox%3D%220%200%20400%20300%22%3E%3C%2Fsvg%3E\" loading=\"eager\"><\/span><span class=\"fg-image-overlay\"><\/span><\/a><\/figure><div class=\"fg-loader\"><\/div><\/div><div class=\"fg-item fg-type-image fg-idle\"><figure class=\"fg-item-inner\"><a href=\"https:\/\/almenrausch-berglern.de\/WordPress_02\/wp-content\/uploads\/2019\/05\/Sam_3572a.jpg\" data-attachment-id=\"1462\" data-type=\"image\" class=\"fg-thumb\"><span class=\"fg-image-wrap\"><img decoding=\"async\" height=\"300\" width=\"452\" class=\"skip-lazy fg-image\" data-src-fg=\"https:\/\/almenrausch-berglern.de\/WordPress_02\/wp-content\/uploads\/cache\/2019\/05\/Sam_3572a\/1562178759.jpg\" src=\"data:image\/svg+xml,%3Csvg%20xmlns%3D%22http%3A%2F%2Fwww.w3.org%2F2000%2Fsvg%22%20width%3D%22452%22%20height%3D%22300%22%20viewBox%3D%220%200%20452%20300%22%3E%3C%2Fsvg%3E\" loading=\"eager\"><\/span><span class=\"fg-image-overlay\"><\/span><\/a><\/figure><div class=\"fg-loader\"><\/div><\/div><div class=\"fg-item fg-type-image fg-idle\"><figure class=\"fg-item-inner\"><a href=\"https:\/\/almenrausch-berglern.de\/WordPress_02\/wp-content\/uploads\/2019\/05\/Sam_3573a.jpg\" data-attachment-id=\"1463\" data-type=\"image\" class=\"fg-thumb\"><span class=\"fg-image-wrap\"><img decoding=\"async\" height=\"300\" width=\"346\" class=\"skip-lazy fg-image\" data-src-fg=\"https:\/\/almenrausch-berglern.de\/WordPress_02\/wp-content\/uploads\/cache\/2019\/05\/Sam_3573a\/1406057313.jpg\" src=\"data:image\/svg+xml,%3Csvg%20xmlns%3D%22http%3A%2F%2Fwww.w3.org%2F2000%2Fsvg%22%20width%3D%22346%22%20height%3D%22300%22%20viewBox%3D%220%200%20346%20300%22%3E%3C%2Fsvg%3E\" loading=\"eager\"><\/span><span class=\"fg-image-overlay\"><\/span><\/a><\/figure><div class=\"fg-loader\"><\/div><\/div><div class=\"fg-item fg-type-image fg-idle\"><figure class=\"fg-item-inner\"><a href=\"https:\/\/almenrausch-berglern.de\/WordPress_02\/wp-content\/uploads\/2019\/05\/Sam_3579a.jpg\" data-attachment-id=\"1466\" data-type=\"image\" class=\"fg-thumb\"><span class=\"fg-image-wrap\"><img decoding=\"async\" height=\"300\" width=\"580\" class=\"skip-lazy fg-image\" data-src-fg=\"https:\/\/almenrausch-berglern.de\/WordPress_02\/wp-content\/uploads\/cache\/2019\/05\/Sam_3579a\/3119252878.jpg\" src=\"data:image\/svg+xml,%3Csvg%20xmlns%3D%22http%3A%2F%2Fwww.w3.org%2F2000%2Fsvg%22%20width%3D%22580%22%20height%3D%22300%22%20viewBox%3D%220%200%20580%20300%22%3E%3C%2Fsvg%3E\" loading=\"eager\"><\/span><span class=\"fg-image-overlay\"><\/span><\/a><\/figure><div class=\"fg-loader\"><\/div><\/div><\/div>\n<\/p>\n\n\n<p><strong>Presse:<\/strong><\/p>\n\n\n\n<p><a href=\"https:\/\/almenrausch-berglern.de\/WordPress_02\/presseartikel\/bericht-1mai-erdinger-anzeiger-vom-15052019\/\">Bericht des Erdinger Anzeiger vom 15.05.2019 \u00fcber die 1.Mai-Feier 2019<\/a><\/p>\n","protected":false},"excerpt":{"rendered":"<p>Mit der traditionellen 1.Mai-Feier haben die Almenrausch-Sch\u00fctzen den Abschluss der Saison 2018\/2019 gefeiert. Nach dem Kirchenzug und der hl. Messe zu Ehren der verstorbenen Mitglieder wurden im Anschluss die Sch\u00fctzenk\u00f6nige proklamiert und die Meister der abgelaufenen Schiesssaison geehrt. Eine ganz <span class=\"excerpt-dots\">&hellip;<\/span> <a class=\"more-link\" href=\"https:\/\/almenrausch-berglern.de\/WordPress_02\/1-mai-feier-01052019\/\"><span class=\"more-msg\">Hier weiterlesen &#8230;<\/span><\/a><\/p>\n","protected":false},"author":1,"featured_media":1469,"comment_status":"closed","ping_status":"closed","sticky":false,"template":"","format":"standard","meta":{"ngg_post_thumbnail":0,"footnotes":""},"categories":[1,10],"tags":[],"class_list":["post-1431","post","type-post","status-publish","format-standard","has-post-thumbnail","hentry","category-allgemein","category-vereinsschiessen"],"yoast_head":"<!-- This site is optimized with the Yoast SEO plugin v27.2 - https:\/\/yoast.com\/product\/yoast-seo-wordpress\/ -->\n<title>1. Mai-Feier 01.05.2019 - SG Almenrausch Berglern e.V.<\/title>\n<meta name=\"robots\" content=\"index, follow, max-snippet:-1, max-image-preview:large, max-video-preview:-1\" \/>\n<link rel=\"canonical\" href=\"https:\/\/almenrausch-berglern.de\/WordPress_02\/1-mai-feier-01052019\/\" \/>\n<meta property=\"og:locale\" content=\"de_DE\" \/>\n<meta property=\"og:type\" content=\"article\" \/>\n<meta property=\"og:title\" content=\"1. Mai-Feier 01.05.2019 - SG Almenrausch Berglern e.V.\" \/>\n<meta property=\"og:description\" content=\"Mit der traditionellen 1.Mai-Feier haben die Almenrausch-Sch\u00fctzen den Abschluss der Saison 2018\/2019 gefeiert. Nach dem Kirchenzug und der hl. Messe zu Ehren der verstorbenen Mitglieder wurden im Anschluss die Sch\u00fctzenk\u00f6nige proklamiert und die Meister der abgelaufenen Schiesssaison geehrt. Eine ganz &hellip; Hier weiterlesen ...\" \/>\n<meta property=\"og:url\" content=\"https:\/\/almenrausch-berglern.de\/WordPress_02\/1-mai-feier-01052019\/\" \/>\n<meta property=\"og:site_name\" content=\"SG Almenrausch Berglern e.V.\" \/>\n<meta property=\"article:published_time\" content=\"2019-05-05T19:24:39+00:00\" \/>\n<meta property=\"article:modified_time\" content=\"2019-05-20T20:54:57+00:00\" \/>\n<meta property=\"og:image\" content=\"https:\/\/almenrausch-berglern.de\/WordPress_02\/wp-content\/uploads\/2019\/05\/jugendscheibe_2018_480.gif\" \/>\n\t<meta property=\"og:image:width\" content=\"480\" \/>\n\t<meta property=\"og:image:height\" content=\"465\" \/>\n\t<meta property=\"og:image:type\" content=\"image\/gif\" \/>\n<meta name=\"author\" content=\"willi\" \/>\n<meta name=\"twitter:card\" content=\"summary_large_image\" \/>\n<meta name=\"twitter:label1\" content=\"Verfasst von\" \/>\n\t<meta name=\"twitter:data1\" content=\"willi\" \/>\n\t<meta name=\"twitter:label2\" content=\"Gesch\u00e4tzte Lesezeit\" \/>\n\t<meta name=\"twitter:data2\" content=\"1\u00a0Minute\" \/>\n<script type=\"application\/ld+json\" class=\"yoast-schema-graph\">{\"@context\":\"https:\/\/schema.org\",\"@graph\":[{\"@type\":\"Article\",\"@id\":\"https:\/\/almenrausch-berglern.de\/WordPress_02\/1-mai-feier-01052019\/#article\",\"isPartOf\":{\"@id\":\"https:\/\/almenrausch-berglern.de\/WordPress_02\/1-mai-feier-01052019\/\"},\"author\":{\"name\":\"willi\",\"@id\":\"https:\/\/almenrausch-berglern.de\/WordPress_02\/#\/schema\/person\/afcf016c71e544dd07a246a131e0dc7c\"},\"headline\":\"1. Mai-Feier 01.05.2019\",\"datePublished\":\"2019-05-05T19:24:39+00:00\",\"dateModified\":\"2019-05-20T20:54:57+00:00\",\"mainEntityOfPage\":{\"@id\":\"https:\/\/almenrausch-berglern.de\/WordPress_02\/1-mai-feier-01052019\/\"},\"wordCount\":299,\"image\":{\"@id\":\"https:\/\/almenrausch-berglern.de\/WordPress_02\/1-mai-feier-01052019\/#primaryimage\"},\"thumbnailUrl\":\"https:\/\/almenrausch-berglern.de\/WordPress_02\/wp-content\/uploads\/2019\/05\/jugendscheibe_2018_480.gif\",\"articleSection\":{\"1\":\"Vereinsschiessen\"},\"inLanguage\":\"de\"},{\"@type\":\"WebPage\",\"@id\":\"https:\/\/almenrausch-berglern.de\/WordPress_02\/1-mai-feier-01052019\/\",\"url\":\"https:\/\/almenrausch-berglern.de\/WordPress_02\/1-mai-feier-01052019\/\",\"name\":\"1. Mai-Feier 01.05.2019 - SG Almenrausch Berglern e.V.\",\"isPartOf\":{\"@id\":\"https:\/\/almenrausch-berglern.de\/WordPress_02\/#website\"},\"primaryImageOfPage\":{\"@id\":\"https:\/\/almenrausch-berglern.de\/WordPress_02\/1-mai-feier-01052019\/#primaryimage\"},\"image\":{\"@id\":\"https:\/\/almenrausch-berglern.de\/WordPress_02\/1-mai-feier-01052019\/#primaryimage\"},\"thumbnailUrl\":\"https:\/\/almenrausch-berglern.de\/WordPress_02\/wp-content\/uploads\/2019\/05\/jugendscheibe_2018_480.gif\",\"datePublished\":\"2019-05-05T19:24:39+00:00\",\"dateModified\":\"2019-05-20T20:54:57+00:00\",\"author\":{\"@id\":\"https:\/\/almenrausch-berglern.de\/WordPress_02\/#\/schema\/person\/afcf016c71e544dd07a246a131e0dc7c\"},\"breadcrumb\":{\"@id\":\"https:\/\/almenrausch-berglern.de\/WordPress_02\/1-mai-feier-01052019\/#breadcrumb\"},\"inLanguage\":\"de\",\"potentialAction\":[{\"@type\":\"ReadAction\",\"target\":[\"https:\/\/almenrausch-berglern.de\/WordPress_02\/1-mai-feier-01052019\/\"]}]},{\"@type\":\"ImageObject\",\"inLanguage\":\"de\",\"@id\":\"https:\/\/almenrausch-berglern.de\/WordPress_02\/1-mai-feier-01052019\/#primaryimage\",\"url\":\"https:\/\/almenrausch-berglern.de\/WordPress_02\/wp-content\/uploads\/2019\/05\/jugendscheibe_2018_480.gif\",\"contentUrl\":\"https:\/\/almenrausch-berglern.de\/WordPress_02\/wp-content\/uploads\/2019\/05\/jugendscheibe_2018_480.gif\",\"width\":480,\"height\":465},{\"@type\":\"BreadcrumbList\",\"@id\":\"https:\/\/almenrausch-berglern.de\/WordPress_02\/1-mai-feier-01052019\/#breadcrumb\",\"itemListElement\":[{\"@type\":\"ListItem\",\"position\":1,\"name\":\"Startseite\",\"item\":\"https:\/\/almenrausch-berglern.de\/WordPress_02\/\"},{\"@type\":\"ListItem\",\"position\":2,\"name\":\"1. Mai-Feier 01.05.2019\"}]},{\"@type\":\"WebSite\",\"@id\":\"https:\/\/almenrausch-berglern.de\/WordPress_02\/#website\",\"url\":\"https:\/\/almenrausch-berglern.de\/WordPress_02\/\",\"name\":\"SG Almenrausch Berglern e.V.\",\"description\":\"\",\"potentialAction\":[{\"@type\":\"SearchAction\",\"target\":{\"@type\":\"EntryPoint\",\"urlTemplate\":\"https:\/\/almenrausch-berglern.de\/WordPress_02\/?s={search_term_string}\"},\"query-input\":{\"@type\":\"PropertyValueSpecification\",\"valueRequired\":true,\"valueName\":\"search_term_string\"}}],\"inLanguage\":\"de\"},{\"@type\":\"Person\",\"@id\":\"https:\/\/almenrausch-berglern.de\/WordPress_02\/#\/schema\/person\/afcf016c71e544dd07a246a131e0dc7c\",\"name\":\"willi\",\"image\":{\"@type\":\"ImageObject\",\"inLanguage\":\"de\",\"@id\":\"https:\/\/secure.gravatar.com\/avatar\/78d5815875c82d87f37eedb609f4c23e9e0832f1a15175689e420693042810d8?s=96&d=mm&r=g\",\"url\":\"https:\/\/secure.gravatar.com\/avatar\/78d5815875c82d87f37eedb609f4c23e9e0832f1a15175689e420693042810d8?s=96&d=mm&r=g\",\"contentUrl\":\"https:\/\/secure.gravatar.com\/avatar\/78d5815875c82d87f37eedb609f4c23e9e0832f1a15175689e420693042810d8?s=96&d=mm&r=g\",\"caption\":\"willi\"}}]}<\/script>\n<!-- \/ Yoast SEO plugin. -->","yoast_head_json":{"title":"1. Mai-Feier 01.05.2019 - SG Almenrausch Berglern e.V.","robots":{"index":"index","follow":"follow","max-snippet":"max-snippet:-1","max-image-preview":"max-image-preview:large","max-video-preview":"max-video-preview:-1"},"canonical":"https:\/\/almenrausch-berglern.de\/WordPress_02\/1-mai-feier-01052019\/","og_locale":"de_DE","og_type":"article","og_title":"1. Mai-Feier 01.05.2019 - SG Almenrausch Berglern e.V.","og_description":"Mit der traditionellen 1.Mai-Feier haben die Almenrausch-Sch\u00fctzen den Abschluss der Saison 2018\/2019 gefeiert. Nach dem Kirchenzug und der hl. Messe zu Ehren der verstorbenen Mitglieder wurden im Anschluss die Sch\u00fctzenk\u00f6nige proklamiert und die Meister der abgelaufenen Schiesssaison geehrt. Eine ganz &hellip; Hier weiterlesen ...","og_url":"https:\/\/almenrausch-berglern.de\/WordPress_02\/1-mai-feier-01052019\/","og_site_name":"SG Almenrausch Berglern e.V.","article_published_time":"2019-05-05T19:24:39+00:00","article_modified_time":"2019-05-20T20:54:57+00:00","og_image":[{"width":480,"height":465,"url":"https:\/\/almenrausch-berglern.de\/WordPress_02\/wp-content\/uploads\/2019\/05\/jugendscheibe_2018_480.gif","type":"image\/gif"}],"author":"willi","twitter_card":"summary_large_image","twitter_misc":{"Verfasst von":"willi","Gesch\u00e4tzte Lesezeit":"1\u00a0Minute"},"schema":{"@context":"https:\/\/schema.org","@graph":[{"@type":"Article","@id":"https:\/\/almenrausch-berglern.de\/WordPress_02\/1-mai-feier-01052019\/#article","isPartOf":{"@id":"https:\/\/almenrausch-berglern.de\/WordPress_02\/1-mai-feier-01052019\/"},"author":{"name":"willi","@id":"https:\/\/almenrausch-berglern.de\/WordPress_02\/#\/schema\/person\/afcf016c71e544dd07a246a131e0dc7c"},"headline":"1. Mai-Feier 01.05.2019","datePublished":"2019-05-05T19:24:39+00:00","dateModified":"2019-05-20T20:54:57+00:00","mainEntityOfPage":{"@id":"https:\/\/almenrausch-berglern.de\/WordPress_02\/1-mai-feier-01052019\/"},"wordCount":299,"image":{"@id":"https:\/\/almenrausch-berglern.de\/WordPress_02\/1-mai-feier-01052019\/#primaryimage"},"thumbnailUrl":"https:\/\/almenrausch-berglern.de\/WordPress_02\/wp-content\/uploads\/2019\/05\/jugendscheibe_2018_480.gif","articleSection":{"1":"Vereinsschiessen"},"inLanguage":"de"},{"@type":"WebPage","@id":"https:\/\/almenrausch-berglern.de\/WordPress_02\/1-mai-feier-01052019\/","url":"https:\/\/almenrausch-berglern.de\/WordPress_02\/1-mai-feier-01052019\/","name":"1. Mai-Feier 01.05.2019 - SG Almenrausch Berglern e.V.","isPartOf":{"@id":"https:\/\/almenrausch-berglern.de\/WordPress_02\/#website"},"primaryImageOfPage":{"@id":"https:\/\/almenrausch-berglern.de\/WordPress_02\/1-mai-feier-01052019\/#primaryimage"},"image":{"@id":"https:\/\/almenrausch-berglern.de\/WordPress_02\/1-mai-feier-01052019\/#primaryimage"},"thumbnailUrl":"https:\/\/almenrausch-berglern.de\/WordPress_02\/wp-content\/uploads\/2019\/05\/jugendscheibe_2018_480.gif","datePublished":"2019-05-05T19:24:39+00:00","dateModified":"2019-05-20T20:54:57+00:00","author":{"@id":"https:\/\/almenrausch-berglern.de\/WordPress_02\/#\/schema\/person\/afcf016c71e544dd07a246a131e0dc7c"},"breadcrumb":{"@id":"https:\/\/almenrausch-berglern.de\/WordPress_02\/1-mai-feier-01052019\/#breadcrumb"},"inLanguage":"de","potentialAction":[{"@type":"ReadAction","target":["https:\/\/almenrausch-berglern.de\/WordPress_02\/1-mai-feier-01052019\/"]}]},{"@type":"ImageObject","inLanguage":"de","@id":"https:\/\/almenrausch-berglern.de\/WordPress_02\/1-mai-feier-01052019\/#primaryimage","url":"https:\/\/almenrausch-berglern.de\/WordPress_02\/wp-content\/uploads\/2019\/05\/jugendscheibe_2018_480.gif","contentUrl":"https:\/\/almenrausch-berglern.de\/WordPress_02\/wp-content\/uploads\/2019\/05\/jugendscheibe_2018_480.gif","width":480,"height":465},{"@type":"BreadcrumbList","@id":"https:\/\/almenrausch-berglern.de\/WordPress_02\/1-mai-feier-01052019\/#breadcrumb","itemListElement":[{"@type":"ListItem","position":1,"name":"Startseite","item":"https:\/\/almenrausch-berglern.de\/WordPress_02\/"},{"@type":"ListItem","position":2,"name":"1. Mai-Feier 01.05.2019"}]},{"@type":"WebSite","@id":"https:\/\/almenrausch-berglern.de\/WordPress_02\/#website","url":"https:\/\/almenrausch-berglern.de\/WordPress_02\/","name":"SG Almenrausch Berglern e.V.","description":"","potentialAction":[{"@type":"SearchAction","target":{"@type":"EntryPoint","urlTemplate":"https:\/\/almenrausch-berglern.de\/WordPress_02\/?s={search_term_string}"},"query-input":{"@type":"PropertyValueSpecification","valueRequired":true,"valueName":"search_term_string"}}],"inLanguage":"de"},{"@type":"Person","@id":"https:\/\/almenrausch-berglern.de\/WordPress_02\/#\/schema\/person\/afcf016c71e544dd07a246a131e0dc7c","name":"willi","image":{"@type":"ImageObject","inLanguage":"de","@id":"https:\/\/secure.gravatar.com\/avatar\/78d5815875c82d87f37eedb609f4c23e9e0832f1a15175689e420693042810d8?s=96&d=mm&r=g","url":"https:\/\/secure.gravatar.com\/avatar\/78d5815875c82d87f37eedb609f4c23e9e0832f1a15175689e420693042810d8?s=96&d=mm&r=g","contentUrl":"https:\/\/secure.gravatar.com\/avatar\/78d5815875c82d87f37eedb609f4c23e9e0832f1a15175689e420693042810d8?s=96&d=mm&r=g","caption":"willi"}}]}},"views":1064,"publishpress_future_action":{"enabled":false,"date":"2026-05-08 10:28:07","action":"change-status","newStatus":"draft","terms":[],"taxonomy":"category","extraData":[]},"publishpress_future_workflow_manual_trigger":{"enabledWorkflows":[]},"_links":{"self":[{"href":"https:\/\/almenrausch-berglern.de\/WordPress_02\/wp-json\/wp\/v2\/posts\/1431","targetHints":{"allow":["GET"]}}],"collection":[{"href":"https:\/\/almenrausch-berglern.de\/WordPress_02\/wp-json\/wp\/v2\/posts"}],"about":[{"href":"https:\/\/almenrausch-berglern.de\/WordPress_02\/wp-json\/wp\/v2\/types\/post"}],"author":[{"embeddable":true,"href":"https:\/\/almenrausch-berglern.de\/WordPress_02\/wp-json\/wp\/v2\/users\/1"}],"replies":[{"embeddable":true,"href":"https:\/\/almenrausch-berglern.de\/WordPress_02\/wp-json\/wp\/v2\/comments?post=1431"}],"version-history":[{"count":0,"href":"https:\/\/almenrausch-berglern.de\/WordPress_02\/wp-json\/wp\/v2\/posts\/1431\/revisions"}],"wp:featuredmedia":[{"embeddable":true,"href":"https:\/\/almenrausch-berglern.de\/WordPress_02\/wp-json\/wp\/v2\/media\/1469"}],"wp:attachment":[{"href":"https:\/\/almenrausch-berglern.de\/WordPress_02\/wp-json\/wp\/v2\/media?parent=1431"}],"wp:term":[{"taxonomy":"category","embeddable":true,"href":"https:\/\/almenrausch-berglern.de\/WordPress_02\/wp-json\/wp\/v2\/categories?post=1431"},{"taxonomy":"post_tag","embeddable":true,"href":"https:\/\/almenrausch-berglern.de\/WordPress_02\/wp-json\/wp\/v2\/tags?post=1431"}],"curies":[{"name":"wp","href":"https:\/\/api.w.org\/{rel}","templated":true}]}}