{"id":1627,"date":"2019-08-16T15:34:18","date_gmt":"2019-08-16T15:34:18","guid":{"rendered":"https:\/\/almenrausch-berglern.de\/WordPress_02\/?p=1627"},"modified":"2019-09-14T08:12:05","modified_gmt":"2019-09-14T08:12:05","slug":"wetterkapriolen-zum-sautrogrennen-am-21-07-2019","status":"publish","type":"post","link":"https:\/\/almenrausch-berglern.de\/WordPress_02\/wetterkapriolen-zum-sautrogrennen-am-21072019\/","title":{"rendered":"Wetterkapriolen zum Sautrogrennen am 21.07.2019"},"content":{"rendered":"<p>Nicht leicht machte sich das Organisationsteam die Entscheidung zur Durchf\u00fchrung des Sautrogrennens 2019. Recht durchwachsen waren die Prognosen am Donnerstag vor dem Renntag und erleichterten nicht gerade die Entscheidungsfindung. Am Ende \u00fcberwog der Wunsch zur Durchf\u00fchrung das Risiko, dass das Wetter wom\u00f6glich nicht mitspielen w\u00fcrde.<br>Gleich bei den Vorl\u00e4ufen stellte das erfahrene Team mit Galke\/Kressierer ihre Favoritenrolle unter Beweis legte eine bemerkenswerte Laufzeit vor. Noch bevor die Finall\u00e4ufe beginnen konnten, zog ein heftiger Regenschauer \u00fcber Berglern und sp\u00fclte die Festwiese kr\u00e4ftig durch. Die kurzfristig umfunktionierten Sonnenschirme sch\u00fctzten die Besucher, bis die Regenschauer nach kurzer Zeit vorbeigezogen waren. Nach der kurzen Verz\u00f6gerung konnten schon die Finall\u00e4ufe und das Entenrennen fortgesetzt werden.<\/p>\n<p>Bei den Nachwuchskapit\u00e4ten konnten Elias Weileder und und Julian Fr\u00f6mmel als Sieger aus dem Wasser steigen, gefolgt von Markus M\u00fcller und Adrian Fr\u00f6mmel und dem drittplatzierten Team Tim Schr\u00f6ter und Marlon Oberl\u00e4nder.<\/p>\n<p>Die Erwachsenen Fahrer lieferten sich in den Finall\u00e4ufen erneut spannende und knappe Rennen, verbesserten ihre Laufzeiten nochmals. So kamen Christoph Kressierer und Daniel Galke zu einen sicher nicht unverdienten obersten Stockerlplatz, gefolgt von Dominik Arlt und Max Wisbacher sowie Martin und Marie Fischer.<\/p>\n<p>Trotz der wetterbedingten Widrigkeiten durften Almenrausch-Sch\u00fctzen und G\u00e4ste ein gelungenes Fest feiern. Die Almenrausch-Sch\u00fctzen bedanken sich bei allen Besuchern und bei den Teilnehmern!<\/p>\n<style type=\"text\/css\">\n#foogallery-gallery-1635 .fg-image { width: 150px; }\n#foogallery-gallery-1635 { --fg-gutter: 10px; }<\/style>\n\t\t\t<div class=\"foogallery foogallery-container foogallery-default foogallery-lightbox-foobox fg-center fg-default fg-ready fg-light fg-border-thin fg-shadow-outline fg-loading-default fg-loaded-fade-in fg-caption-hover fg-hover-fade fg-hover-zoom\" id=\"foogallery-gallery-1635\" data-foogallery=\"{&quot;item&quot;:{&quot;showCaptionTitle&quot;:true,&quot;showCaptionDescription&quot;:true},&quot;lazy&quot;:true}\" style=\"--fg-title-line-clamp: 0; --fg-description-line-clamp: 0;\" >\n\t<div class=\"fg-item fg-type-image fg-idle\"><figure class=\"fg-item-inner\"><a href=\"https:\/\/almenrausch-berglern.de\/WordPress_02\/wp-content\/uploads\/2019\/09\/IMG-20190722-WA0002.jpg\" data-attachment-id=\"1636\" data-type=\"image\" class=\"fg-thumb\"><span class=\"fg-image-wrap\"><img decoding=\"async\" width=\"150\" height=\"150\" class=\"skip-lazy fg-image\" data-src-fg=\"https:\/\/almenrausch-berglern.de\/WordPress_02\/wp-content\/uploads\/cache\/2019\/09\/IMG-20190722-WA0002\/3000352595.jpg\" src=\"data:image\/svg+xml,%3Csvg%20xmlns%3D%22http%3A%2F%2Fwww.w3.org%2F2000%2Fsvg%22%20width%3D%22150%22%20height%3D%22150%22%20viewBox%3D%220%200%20150%20150%22%3E%3C%2Fsvg%3E\" loading=\"eager\"><\/span><span class=\"fg-image-overlay\"><\/span><\/a><\/figure><div class=\"fg-loader\"><\/div><\/div><div class=\"fg-item fg-type-image fg-idle\"><figure class=\"fg-item-inner\"><a href=\"https:\/\/almenrausch-berglern.de\/WordPress_02\/wp-content\/uploads\/2019\/09\/IMG-20190722-WA0001.jpg\" data-attachment-id=\"1637\" data-type=\"image\" class=\"fg-thumb\"><span class=\"fg-image-wrap\"><img decoding=\"async\" width=\"150\" height=\"150\" class=\"skip-lazy fg-image\" data-src-fg=\"https:\/\/almenrausch-berglern.de\/WordPress_02\/wp-content\/uploads\/cache\/2019\/09\/IMG-20190722-WA0001\/1523745940.jpg\" src=\"data:image\/svg+xml,%3Csvg%20xmlns%3D%22http%3A%2F%2Fwww.w3.org%2F2000%2Fsvg%22%20width%3D%22150%22%20height%3D%22150%22%20viewBox%3D%220%200%20150%20150%22%3E%3C%2Fsvg%3E\" loading=\"eager\"><\/span><span class=\"fg-image-overlay\"><\/span><\/a><\/figure><div class=\"fg-loader\"><\/div><\/div><div class=\"fg-item fg-type-image fg-idle\"><figure class=\"fg-item-inner\"><a href=\"https:\/\/almenrausch-berglern.de\/WordPress_02\/wp-content\/uploads\/2019\/09\/IMG-20190722-WA0000.jpg\" data-attachment-id=\"1638\" data-type=\"image\" class=\"fg-thumb\"><span class=\"fg-image-wrap\"><img decoding=\"async\" width=\"150\" height=\"150\" class=\"skip-lazy fg-image\" data-src-fg=\"https:\/\/almenrausch-berglern.de\/WordPress_02\/wp-content\/uploads\/cache\/2019\/09\/IMG-20190722-WA0000\/4262648597.jpg\" src=\"data:image\/svg+xml,%3Csvg%20xmlns%3D%22http%3A%2F%2Fwww.w3.org%2F2000%2Fsvg%22%20width%3D%22150%22%20height%3D%22150%22%20viewBox%3D%220%200%20150%20150%22%3E%3C%2Fsvg%3E\" loading=\"eager\"><\/span><span class=\"fg-image-overlay\"><\/span><\/a><\/figure><div class=\"fg-loader\"><\/div><\/div><div class=\"fg-item fg-type-image fg-idle\"><figure class=\"fg-item-inner\"><a href=\"https:\/\/almenrausch-berglern.de\/WordPress_02\/wp-content\/uploads\/2019\/09\/IMG-20190722-WA0003.jpg\" data-attachment-id=\"1639\" data-type=\"image\" class=\"fg-thumb\"><span class=\"fg-image-wrap\"><img decoding=\"async\" width=\"150\" height=\"150\" class=\"skip-lazy fg-image\" data-src-fg=\"https:\/\/almenrausch-berglern.de\/WordPress_02\/wp-content\/uploads\/cache\/2019\/09\/IMG-20190722-WA0003\/370532562.jpg\" src=\"data:image\/svg+xml,%3Csvg%20xmlns%3D%22http%3A%2F%2Fwww.w3.org%2F2000%2Fsvg%22%20width%3D%22150%22%20height%3D%22150%22%20viewBox%3D%220%200%20150%20150%22%3E%3C%2Fsvg%3E\" loading=\"eager\"><\/span><span class=\"fg-image-overlay\"><\/span><\/a><\/figure><div class=\"fg-loader\"><\/div><\/div><\/div>\n\n\n\n<p><\/p>\n","protected":false},"excerpt":{"rendered":"<p>Nicht leicht machte sich das Organisationsteam die Entscheidung zur Durchf\u00fchrung des Sautrogrennens 2019. Recht durchwachsen waren die Prognosen am Donnerstag vor dem Renntag und erleichterten nicht gerade die Entscheidungsfindung. Am Ende \u00fcberwog der Wunsch zur Durchf\u00fchrung das Risiko, dass das <span class=\"excerpt-dots\">&hellip;<\/span> <a class=\"more-link\" href=\"https:\/\/almenrausch-berglern.de\/WordPress_02\/wetterkapriolen-zum-sautrogrennen-am-21072019\/\"><span class=\"more-msg\">Hier weiterlesen &#8230;<\/span><\/a><\/p>\n","protected":false},"author":1,"featured_media":0,"comment_status":"closed","ping_status":"closed","sticky":false,"template":"","format":"standard","meta":{"ngg_post_thumbnail":0,"footnotes":""},"categories":[1],"tags":[],"class_list":["post-1627","post","type-post","status-publish","format-standard","hentry","category-allgemein"],"yoast_head":"<!-- This site is optimized with the Yoast SEO plugin v27.2 - https:\/\/yoast.com\/product\/yoast-seo-wordpress\/ -->\n<title>Wetterkapriolen zum Sautrogrennen am 21.07.2019 - SG Almenrausch Berglern e.V.<\/title>\n<meta name=\"robots\" content=\"index, follow, max-snippet:-1, max-image-preview:large, max-video-preview:-1\" \/>\n<link rel=\"canonical\" href=\"https:\/\/almenrausch-berglern.de\/WordPress_02\/wetterkapriolen-zum-sautrogrennen-am-21072019\/\" \/>\n<meta property=\"og:locale\" content=\"de_DE\" \/>\n<meta property=\"og:type\" content=\"article\" \/>\n<meta property=\"og:title\" content=\"Wetterkapriolen zum Sautrogrennen am 21.07.2019 - SG Almenrausch Berglern e.V.\" \/>\n<meta property=\"og:description\" content=\"Nicht leicht machte sich das Organisationsteam die Entscheidung zur Durchf\u00fchrung des Sautrogrennens 2019. Recht durchwachsen waren die Prognosen am Donnerstag vor dem Renntag und erleichterten nicht gerade die Entscheidungsfindung. Am Ende \u00fcberwog der Wunsch zur Durchf\u00fchrung das Risiko, dass das &hellip; Hier weiterlesen ...\" \/>\n<meta property=\"og:url\" content=\"https:\/\/almenrausch-berglern.de\/WordPress_02\/wetterkapriolen-zum-sautrogrennen-am-21072019\/\" \/>\n<meta property=\"og:site_name\" content=\"SG Almenrausch Berglern e.V.\" \/>\n<meta property=\"article:published_time\" content=\"2019-08-16T15:34:18+00:00\" \/>\n<meta property=\"article:modified_time\" content=\"2019-09-14T08:12:05+00:00\" \/>\n<meta name=\"author\" content=\"willi\" \/>\n<meta name=\"twitter:card\" content=\"summary_large_image\" \/>\n<meta name=\"twitter:label1\" content=\"Verfasst von\" \/>\n\t<meta name=\"twitter:data1\" content=\"willi\" \/>\n\t<meta name=\"twitter:label2\" content=\"Gesch\u00e4tzte Lesezeit\" \/>\n\t<meta name=\"twitter:data2\" content=\"1\u00a0Minute\" \/>\n<script type=\"application\/ld+json\" class=\"yoast-schema-graph\">{\"@context\":\"https:\/\/schema.org\",\"@graph\":[{\"@type\":\"Article\",\"@id\":\"https:\/\/almenrausch-berglern.de\/WordPress_02\/wetterkapriolen-zum-sautrogrennen-am-21072019\/#article\",\"isPartOf\":{\"@id\":\"https:\/\/almenrausch-berglern.de\/WordPress_02\/wetterkapriolen-zum-sautrogrennen-am-21072019\/\"},\"author\":{\"name\":\"willi\",\"@id\":\"https:\/\/almenrausch-berglern.de\/WordPress_02\/#\/schema\/person\/afcf016c71e544dd07a246a131e0dc7c\"},\"headline\":\"Wetterkapriolen zum Sautrogrennen am 21.07.2019\",\"datePublished\":\"2019-08-16T15:34:18+00:00\",\"dateModified\":\"2019-09-14T08:12:05+00:00\",\"mainEntityOfPage\":{\"@id\":\"https:\/\/almenrausch-berglern.de\/WordPress_02\/wetterkapriolen-zum-sautrogrennen-am-21072019\/\"},\"wordCount\":235,\"inLanguage\":\"de\"},{\"@type\":\"WebPage\",\"@id\":\"https:\/\/almenrausch-berglern.de\/WordPress_02\/wetterkapriolen-zum-sautrogrennen-am-21072019\/\",\"url\":\"https:\/\/almenrausch-berglern.de\/WordPress_02\/wetterkapriolen-zum-sautrogrennen-am-21072019\/\",\"name\":\"Wetterkapriolen zum Sautrogrennen am 21.07.2019 - SG Almenrausch Berglern e.V.\",\"isPartOf\":{\"@id\":\"https:\/\/almenrausch-berglern.de\/WordPress_02\/#website\"},\"datePublished\":\"2019-08-16T15:34:18+00:00\",\"dateModified\":\"2019-09-14T08:12:05+00:00\",\"author\":{\"@id\":\"https:\/\/almenrausch-berglern.de\/WordPress_02\/#\/schema\/person\/afcf016c71e544dd07a246a131e0dc7c\"},\"breadcrumb\":{\"@id\":\"https:\/\/almenrausch-berglern.de\/WordPress_02\/wetterkapriolen-zum-sautrogrennen-am-21072019\/#breadcrumb\"},\"inLanguage\":\"de\",\"potentialAction\":[{\"@type\":\"ReadAction\",\"target\":[\"https:\/\/almenrausch-berglern.de\/WordPress_02\/wetterkapriolen-zum-sautrogrennen-am-21072019\/\"]}]},{\"@type\":\"BreadcrumbList\",\"@id\":\"https:\/\/almenrausch-berglern.de\/WordPress_02\/wetterkapriolen-zum-sautrogrennen-am-21072019\/#breadcrumb\",\"itemListElement\":[{\"@type\":\"ListItem\",\"position\":1,\"name\":\"Startseite\",\"item\":\"https:\/\/almenrausch-berglern.de\/WordPress_02\/\"},{\"@type\":\"ListItem\",\"position\":2,\"name\":\"Wetterkapriolen zum Sautrogrennen am 21.07.2019\"}]},{\"@type\":\"WebSite\",\"@id\":\"https:\/\/almenrausch-berglern.de\/WordPress_02\/#website\",\"url\":\"https:\/\/almenrausch-berglern.de\/WordPress_02\/\",\"name\":\"SG Almenrausch Berglern e.V.\",\"description\":\"\",\"potentialAction\":[{\"@type\":\"SearchAction\",\"target\":{\"@type\":\"EntryPoint\",\"urlTemplate\":\"https:\/\/almenrausch-berglern.de\/WordPress_02\/?s={search_term_string}\"},\"query-input\":{\"@type\":\"PropertyValueSpecification\",\"valueRequired\":true,\"valueName\":\"search_term_string\"}}],\"inLanguage\":\"de\"},{\"@type\":\"Person\",\"@id\":\"https:\/\/almenrausch-berglern.de\/WordPress_02\/#\/schema\/person\/afcf016c71e544dd07a246a131e0dc7c\",\"name\":\"willi\",\"image\":{\"@type\":\"ImageObject\",\"inLanguage\":\"de\",\"@id\":\"https:\/\/secure.gravatar.com\/avatar\/78d5815875c82d87f37eedb609f4c23e9e0832f1a15175689e420693042810d8?s=96&d=mm&r=g\",\"url\":\"https:\/\/secure.gravatar.com\/avatar\/78d5815875c82d87f37eedb609f4c23e9e0832f1a15175689e420693042810d8?s=96&d=mm&r=g\",\"contentUrl\":\"https:\/\/secure.gravatar.com\/avatar\/78d5815875c82d87f37eedb609f4c23e9e0832f1a15175689e420693042810d8?s=96&d=mm&r=g\",\"caption\":\"willi\"}}]}<\/script>\n<!-- \/ Yoast SEO plugin. -->","yoast_head_json":{"title":"Wetterkapriolen zum Sautrogrennen am 21.07.2019 - SG Almenrausch Berglern e.V.","robots":{"index":"index","follow":"follow","max-snippet":"max-snippet:-1","max-image-preview":"max-image-preview:large","max-video-preview":"max-video-preview:-1"},"canonical":"https:\/\/almenrausch-berglern.de\/WordPress_02\/wetterkapriolen-zum-sautrogrennen-am-21072019\/","og_locale":"de_DE","og_type":"article","og_title":"Wetterkapriolen zum Sautrogrennen am 21.07.2019 - SG Almenrausch Berglern e.V.","og_description":"Nicht leicht machte sich das Organisationsteam die Entscheidung zur Durchf\u00fchrung des Sautrogrennens 2019. Recht durchwachsen waren die Prognosen am Donnerstag vor dem Renntag und erleichterten nicht gerade die Entscheidungsfindung. Am Ende \u00fcberwog der Wunsch zur Durchf\u00fchrung das Risiko, dass das &hellip; Hier weiterlesen ...","og_url":"https:\/\/almenrausch-berglern.de\/WordPress_02\/wetterkapriolen-zum-sautrogrennen-am-21072019\/","og_site_name":"SG Almenrausch Berglern e.V.","article_published_time":"2019-08-16T15:34:18+00:00","article_modified_time":"2019-09-14T08:12:05+00:00","author":"willi","twitter_card":"summary_large_image","twitter_misc":{"Verfasst von":"willi","Gesch\u00e4tzte Lesezeit":"1\u00a0Minute"},"schema":{"@context":"https:\/\/schema.org","@graph":[{"@type":"Article","@id":"https:\/\/almenrausch-berglern.de\/WordPress_02\/wetterkapriolen-zum-sautrogrennen-am-21072019\/#article","isPartOf":{"@id":"https:\/\/almenrausch-berglern.de\/WordPress_02\/wetterkapriolen-zum-sautrogrennen-am-21072019\/"},"author":{"name":"willi","@id":"https:\/\/almenrausch-berglern.de\/WordPress_02\/#\/schema\/person\/afcf016c71e544dd07a246a131e0dc7c"},"headline":"Wetterkapriolen zum Sautrogrennen am 21.07.2019","datePublished":"2019-08-16T15:34:18+00:00","dateModified":"2019-09-14T08:12:05+00:00","mainEntityOfPage":{"@id":"https:\/\/almenrausch-berglern.de\/WordPress_02\/wetterkapriolen-zum-sautrogrennen-am-21072019\/"},"wordCount":235,"inLanguage":"de"},{"@type":"WebPage","@id":"https:\/\/almenrausch-berglern.de\/WordPress_02\/wetterkapriolen-zum-sautrogrennen-am-21072019\/","url":"https:\/\/almenrausch-berglern.de\/WordPress_02\/wetterkapriolen-zum-sautrogrennen-am-21072019\/","name":"Wetterkapriolen zum Sautrogrennen am 21.07.2019 - SG Almenrausch Berglern e.V.","isPartOf":{"@id":"https:\/\/almenrausch-berglern.de\/WordPress_02\/#website"},"datePublished":"2019-08-16T15:34:18+00:00","dateModified":"2019-09-14T08:12:05+00:00","author":{"@id":"https:\/\/almenrausch-berglern.de\/WordPress_02\/#\/schema\/person\/afcf016c71e544dd07a246a131e0dc7c"},"breadcrumb":{"@id":"https:\/\/almenrausch-berglern.de\/WordPress_02\/wetterkapriolen-zum-sautrogrennen-am-21072019\/#breadcrumb"},"inLanguage":"de","potentialAction":[{"@type":"ReadAction","target":["https:\/\/almenrausch-berglern.de\/WordPress_02\/wetterkapriolen-zum-sautrogrennen-am-21072019\/"]}]},{"@type":"BreadcrumbList","@id":"https:\/\/almenrausch-berglern.de\/WordPress_02\/wetterkapriolen-zum-sautrogrennen-am-21072019\/#breadcrumb","itemListElement":[{"@type":"ListItem","position":1,"name":"Startseite","item":"https:\/\/almenrausch-berglern.de\/WordPress_02\/"},{"@type":"ListItem","position":2,"name":"Wetterkapriolen zum Sautrogrennen am 21.07.2019"}]},{"@type":"WebSite","@id":"https:\/\/almenrausch-berglern.de\/WordPress_02\/#website","url":"https:\/\/almenrausch-berglern.de\/WordPress_02\/","name":"SG Almenrausch Berglern e.V.","description":"","potentialAction":[{"@type":"SearchAction","target":{"@type":"EntryPoint","urlTemplate":"https:\/\/almenrausch-berglern.de\/WordPress_02\/?s={search_term_string}"},"query-input":{"@type":"PropertyValueSpecification","valueRequired":true,"valueName":"search_term_string"}}],"inLanguage":"de"},{"@type":"Person","@id":"https:\/\/almenrausch-berglern.de\/WordPress_02\/#\/schema\/person\/afcf016c71e544dd07a246a131e0dc7c","name":"willi","image":{"@type":"ImageObject","inLanguage":"de","@id":"https:\/\/secure.gravatar.com\/avatar\/78d5815875c82d87f37eedb609f4c23e9e0832f1a15175689e420693042810d8?s=96&d=mm&r=g","url":"https:\/\/secure.gravatar.com\/avatar\/78d5815875c82d87f37eedb609f4c23e9e0832f1a15175689e420693042810d8?s=96&d=mm&r=g","contentUrl":"https:\/\/secure.gravatar.com\/avatar\/78d5815875c82d87f37eedb609f4c23e9e0832f1a15175689e420693042810d8?s=96&d=mm&r=g","caption":"willi"}}]}},"views":775,"publishpress_future_action":{"enabled":false,"date":"2026-05-08 10:35:48","action":"change-status","newStatus":"draft","terms":[],"taxonomy":"category","extraData":[]},"publishpress_future_workflow_manual_trigger":{"enabledWorkflows":[]},"_links":{"self":[{"href":"https:\/\/almenrausch-berglern.de\/WordPress_02\/wp-json\/wp\/v2\/posts\/1627","targetHints":{"allow":["GET"]}}],"collection":[{"href":"https:\/\/almenrausch-berglern.de\/WordPress_02\/wp-json\/wp\/v2\/posts"}],"about":[{"href":"https:\/\/almenrausch-berglern.de\/WordPress_02\/wp-json\/wp\/v2\/types\/post"}],"author":[{"embeddable":true,"href":"https:\/\/almenrausch-berglern.de\/WordPress_02\/wp-json\/wp\/v2\/users\/1"}],"replies":[{"embeddable":true,"href":"https:\/\/almenrausch-berglern.de\/WordPress_02\/wp-json\/wp\/v2\/comments?post=1627"}],"version-history":[{"count":6,"href":"https:\/\/almenrausch-berglern.de\/WordPress_02\/wp-json\/wp\/v2\/posts\/1627\/revisions"}],"predecessor-version":[{"id":1640,"href":"https:\/\/almenrausch-berglern.de\/WordPress_02\/wp-json\/wp\/v2\/posts\/1627\/revisions\/1640"}],"wp:attachment":[{"href":"https:\/\/almenrausch-berglern.de\/WordPress_02\/wp-json\/wp\/v2\/media?parent=1627"}],"wp:term":[{"taxonomy":"category","embeddable":true,"href":"https:\/\/almenrausch-berglern.de\/WordPress_02\/wp-json\/wp\/v2\/categories?post=1627"},{"taxonomy":"post_tag","embeddable":true,"href":"https:\/\/almenrausch-berglern.de\/WordPress_02\/wp-json\/wp\/v2\/tags?post=1627"}],"curies":[{"name":"wp","href":"https:\/\/api.w.org\/{rel}","templated":true}]}}