{"id":1787,"date":"2021-03-09T19:26:27","date_gmt":"2021-03-09T19:26:27","guid":{"rendered":"https:\/\/almenrausch-berglern.de\/WordPress_02\/?p=1787"},"modified":"2021-03-09T19:26:31","modified_gmt":"2021-03-09T19:26:31","slug":"corona-aktuelle-entwicklung-2","status":"publish","type":"post","link":"https:\/\/almenrausch-berglern.de\/WordPress_02\/corona-aktuelle-entwicklung-copy\/","title":{"rendered":"Corona &#8211; Entwicklungen Ende Februar 2021"},"content":{"rendered":"\n<p>Liebe Almenrausch-Sch\u00fctzen,<\/p>\n\n\n\n<p>die Schie\u00dfsaison 20\/21 wurde mit Corona Auflagen geplant, Hygiene- und L\u00fcftungskonzepte erstellt, Desinfektionsmittel und eine Infotafel wurden besorgt. So konnte am 18. September planm\u00e4\u00dfig mit dem Schie\u00dfen begonnen werden. Die Vereinskleidung wurde kostenlos an die Sch\u00fctzinnen und Sch\u00fctzen verliehen, da eine Mehrfachnutzung wegen der Infektionsgefahr nicht mehr erlaubt war.\u00a0 <\/p>\n\n\n\n<p>Doch die Freude w\u00e4hrte nicht lange. Im November wurde ein zweiter \u201eLockdown\u201c mit entsprechenden Auflagen wie Kontaktbeschr\u00e4nkungen und Ausgangssperre verh\u00e4ngt. Wegen der versch\u00e4rften beh\u00f6rdlichen Auflagen musste der Schie\u00dfbetrieb erneut eingestellt werden.  Die Anfang M\u00e4rz vorgesehenen &#8222;\u00d6ffnungsschritte&#8220; sehen noch keine M\u00f6glichkeit vor, mit einem Schie\u00dfbetrieb wieder zu starten. <\/p>\n\n\n\n<p>Euer Vorstand<\/p>\n","protected":false},"excerpt":{"rendered":"<p>Liebe Almenrausch-Sch\u00fctzen, die Schie\u00dfsaison 20\/21 wurde mit Corona Auflagen geplant, Hygiene- und L\u00fcftungskonzepte erstellt, Desinfektionsmittel und eine Infotafel wurden besorgt. So konnte am 18. September planm\u00e4\u00dfig mit dem Schie\u00dfen begonnen werden. Die Vereinskleidung wurde kostenlos an die Sch\u00fctzinnen und Sch\u00fctzen <span class=\"excerpt-dots\">&hellip;<\/span> <a class=\"more-link\" href=\"https:\/\/almenrausch-berglern.de\/WordPress_02\/corona-aktuelle-entwicklung-copy\/\"><span class=\"more-msg\">Hier weiterlesen &#8230;<\/span><\/a><\/p>\n","protected":false},"author":1,"featured_media":0,"comment_status":"closed","ping_status":"closed","sticky":false,"template":"","format":"standard","meta":{"ngg_post_thumbnail":0,"footnotes":""},"categories":[1],"tags":[],"class_list":["post-1787","post","type-post","status-publish","format-standard","hentry","category-allgemein"],"yoast_head":"<!-- This site is optimized with the Yoast SEO plugin v27.2 - https:\/\/yoast.com\/product\/yoast-seo-wordpress\/ -->\n<title>Corona - Entwicklungen Ende Februar 2021 - SG Almenrausch Berglern e.V.<\/title>\n<meta name=\"robots\" content=\"index, follow, max-snippet:-1, max-image-preview:large, max-video-preview:-1\" \/>\n<link rel=\"canonical\" href=\"https:\/\/almenrausch-berglern.de\/WordPress_02\/corona-aktuelle-entwicklung-copy\/\" \/>\n<meta property=\"og:locale\" content=\"de_DE\" \/>\n<meta property=\"og:type\" content=\"article\" \/>\n<meta property=\"og:title\" content=\"Corona - Entwicklungen Ende Februar 2021 - SG Almenrausch Berglern e.V.\" \/>\n<meta property=\"og:description\" content=\"Liebe Almenrausch-Sch\u00fctzen, die Schie\u00dfsaison 20\/21 wurde mit Corona Auflagen geplant, Hygiene- und L\u00fcftungskonzepte erstellt, Desinfektionsmittel und eine Infotafel wurden besorgt. So konnte am 18. September planm\u00e4\u00dfig mit dem Schie\u00dfen begonnen werden. Die Vereinskleidung wurde kostenlos an die Sch\u00fctzinnen und Sch\u00fctzen &hellip; Hier weiterlesen ...\" \/>\n<meta property=\"og:url\" content=\"https:\/\/almenrausch-berglern.de\/WordPress_02\/corona-aktuelle-entwicklung-copy\/\" \/>\n<meta property=\"og:site_name\" content=\"SG Almenrausch Berglern e.V.\" \/>\n<meta property=\"article:published_time\" content=\"2021-03-09T19:26:27+00:00\" \/>\n<meta property=\"article:modified_time\" content=\"2021-03-09T19:26:31+00:00\" \/>\n<meta name=\"author\" content=\"willi\" \/>\n<meta name=\"twitter:card\" content=\"summary_large_image\" \/>\n<meta name=\"twitter:label1\" content=\"Verfasst von\" \/>\n\t<meta name=\"twitter:data1\" content=\"willi\" \/>\n\t<meta name=\"twitter:label2\" content=\"Gesch\u00e4tzte Lesezeit\" \/>\n\t<meta name=\"twitter:data2\" content=\"1\u00a0Minute\" \/>\n<script type=\"application\/ld+json\" class=\"yoast-schema-graph\">{\"@context\":\"https:\/\/schema.org\",\"@graph\":[{\"@type\":\"Article\",\"@id\":\"https:\/\/almenrausch-berglern.de\/WordPress_02\/corona-aktuelle-entwicklung-copy\/#article\",\"isPartOf\":{\"@id\":\"https:\/\/almenrausch-berglern.de\/WordPress_02\/corona-aktuelle-entwicklung-copy\/\"},\"author\":{\"name\":\"willi\",\"@id\":\"https:\/\/almenrausch-berglern.de\/WordPress_02\/#\/schema\/person\/afcf016c71e544dd07a246a131e0dc7c\"},\"headline\":\"Corona &#8211; Entwicklungen Ende Februar 2021\",\"datePublished\":\"2021-03-09T19:26:27+00:00\",\"dateModified\":\"2021-03-09T19:26:31+00:00\",\"mainEntityOfPage\":{\"@id\":\"https:\/\/almenrausch-berglern.de\/WordPress_02\/corona-aktuelle-entwicklung-copy\/\"},\"wordCount\":119,\"inLanguage\":\"de\"},{\"@type\":\"WebPage\",\"@id\":\"https:\/\/almenrausch-berglern.de\/WordPress_02\/corona-aktuelle-entwicklung-copy\/\",\"url\":\"https:\/\/almenrausch-berglern.de\/WordPress_02\/corona-aktuelle-entwicklung-copy\/\",\"name\":\"Corona - Entwicklungen Ende Februar 2021 - SG Almenrausch Berglern e.V.\",\"isPartOf\":{\"@id\":\"https:\/\/almenrausch-berglern.de\/WordPress_02\/#website\"},\"datePublished\":\"2021-03-09T19:26:27+00:00\",\"dateModified\":\"2021-03-09T19:26:31+00:00\",\"author\":{\"@id\":\"https:\/\/almenrausch-berglern.de\/WordPress_02\/#\/schema\/person\/afcf016c71e544dd07a246a131e0dc7c\"},\"breadcrumb\":{\"@id\":\"https:\/\/almenrausch-berglern.de\/WordPress_02\/corona-aktuelle-entwicklung-copy\/#breadcrumb\"},\"inLanguage\":\"de\",\"potentialAction\":[{\"@type\":\"ReadAction\",\"target\":[\"https:\/\/almenrausch-berglern.de\/WordPress_02\/corona-aktuelle-entwicklung-copy\/\"]}]},{\"@type\":\"BreadcrumbList\",\"@id\":\"https:\/\/almenrausch-berglern.de\/WordPress_02\/corona-aktuelle-entwicklung-copy\/#breadcrumb\",\"itemListElement\":[{\"@type\":\"ListItem\",\"position\":1,\"name\":\"Startseite\",\"item\":\"https:\/\/almenrausch-berglern.de\/WordPress_02\/\"},{\"@type\":\"ListItem\",\"position\":2,\"name\":\"Corona &#8211; Entwicklungen Ende Februar 2021\"}]},{\"@type\":\"WebSite\",\"@id\":\"https:\/\/almenrausch-berglern.de\/WordPress_02\/#website\",\"url\":\"https:\/\/almenrausch-berglern.de\/WordPress_02\/\",\"name\":\"SG Almenrausch Berglern e.V.\",\"description\":\"\",\"potentialAction\":[{\"@type\":\"SearchAction\",\"target\":{\"@type\":\"EntryPoint\",\"urlTemplate\":\"https:\/\/almenrausch-berglern.de\/WordPress_02\/?s={search_term_string}\"},\"query-input\":{\"@type\":\"PropertyValueSpecification\",\"valueRequired\":true,\"valueName\":\"search_term_string\"}}],\"inLanguage\":\"de\"},{\"@type\":\"Person\",\"@id\":\"https:\/\/almenrausch-berglern.de\/WordPress_02\/#\/schema\/person\/afcf016c71e544dd07a246a131e0dc7c\",\"name\":\"willi\",\"image\":{\"@type\":\"ImageObject\",\"inLanguage\":\"de\",\"@id\":\"https:\/\/secure.gravatar.com\/avatar\/78d5815875c82d87f37eedb609f4c23e9e0832f1a15175689e420693042810d8?s=96&d=mm&r=g\",\"url\":\"https:\/\/secure.gravatar.com\/avatar\/78d5815875c82d87f37eedb609f4c23e9e0832f1a15175689e420693042810d8?s=96&d=mm&r=g\",\"contentUrl\":\"https:\/\/secure.gravatar.com\/avatar\/78d5815875c82d87f37eedb609f4c23e9e0832f1a15175689e420693042810d8?s=96&d=mm&r=g\",\"caption\":\"willi\"}}]}<\/script>\n<!-- \/ Yoast SEO plugin. -->","yoast_head_json":{"title":"Corona - Entwicklungen Ende Februar 2021 - SG Almenrausch Berglern e.V.","robots":{"index":"index","follow":"follow","max-snippet":"max-snippet:-1","max-image-preview":"max-image-preview:large","max-video-preview":"max-video-preview:-1"},"canonical":"https:\/\/almenrausch-berglern.de\/WordPress_02\/corona-aktuelle-entwicklung-copy\/","og_locale":"de_DE","og_type":"article","og_title":"Corona - Entwicklungen Ende Februar 2021 - SG Almenrausch Berglern e.V.","og_description":"Liebe Almenrausch-Sch\u00fctzen, die Schie\u00dfsaison 20\/21 wurde mit Corona Auflagen geplant, Hygiene- und L\u00fcftungskonzepte erstellt, Desinfektionsmittel und eine Infotafel wurden besorgt. So konnte am 18. September planm\u00e4\u00dfig mit dem Schie\u00dfen begonnen werden. Die Vereinskleidung wurde kostenlos an die Sch\u00fctzinnen und Sch\u00fctzen &hellip; Hier weiterlesen ...","og_url":"https:\/\/almenrausch-berglern.de\/WordPress_02\/corona-aktuelle-entwicklung-copy\/","og_site_name":"SG Almenrausch Berglern e.V.","article_published_time":"2021-03-09T19:26:27+00:00","article_modified_time":"2021-03-09T19:26:31+00:00","author":"willi","twitter_card":"summary_large_image","twitter_misc":{"Verfasst von":"willi","Gesch\u00e4tzte Lesezeit":"1\u00a0Minute"},"schema":{"@context":"https:\/\/schema.org","@graph":[{"@type":"Article","@id":"https:\/\/almenrausch-berglern.de\/WordPress_02\/corona-aktuelle-entwicklung-copy\/#article","isPartOf":{"@id":"https:\/\/almenrausch-berglern.de\/WordPress_02\/corona-aktuelle-entwicklung-copy\/"},"author":{"name":"willi","@id":"https:\/\/almenrausch-berglern.de\/WordPress_02\/#\/schema\/person\/afcf016c71e544dd07a246a131e0dc7c"},"headline":"Corona &#8211; Entwicklungen Ende Februar 2021","datePublished":"2021-03-09T19:26:27+00:00","dateModified":"2021-03-09T19:26:31+00:00","mainEntityOfPage":{"@id":"https:\/\/almenrausch-berglern.de\/WordPress_02\/corona-aktuelle-entwicklung-copy\/"},"wordCount":119,"inLanguage":"de"},{"@type":"WebPage","@id":"https:\/\/almenrausch-berglern.de\/WordPress_02\/corona-aktuelle-entwicklung-copy\/","url":"https:\/\/almenrausch-berglern.de\/WordPress_02\/corona-aktuelle-entwicklung-copy\/","name":"Corona - Entwicklungen Ende Februar 2021 - SG Almenrausch Berglern e.V.","isPartOf":{"@id":"https:\/\/almenrausch-berglern.de\/WordPress_02\/#website"},"datePublished":"2021-03-09T19:26:27+00:00","dateModified":"2021-03-09T19:26:31+00:00","author":{"@id":"https:\/\/almenrausch-berglern.de\/WordPress_02\/#\/schema\/person\/afcf016c71e544dd07a246a131e0dc7c"},"breadcrumb":{"@id":"https:\/\/almenrausch-berglern.de\/WordPress_02\/corona-aktuelle-entwicklung-copy\/#breadcrumb"},"inLanguage":"de","potentialAction":[{"@type":"ReadAction","target":["https:\/\/almenrausch-berglern.de\/WordPress_02\/corona-aktuelle-entwicklung-copy\/"]}]},{"@type":"BreadcrumbList","@id":"https:\/\/almenrausch-berglern.de\/WordPress_02\/corona-aktuelle-entwicklung-copy\/#breadcrumb","itemListElement":[{"@type":"ListItem","position":1,"name":"Startseite","item":"https:\/\/almenrausch-berglern.de\/WordPress_02\/"},{"@type":"ListItem","position":2,"name":"Corona &#8211; Entwicklungen Ende Februar 2021"}]},{"@type":"WebSite","@id":"https:\/\/almenrausch-berglern.de\/WordPress_02\/#website","url":"https:\/\/almenrausch-berglern.de\/WordPress_02\/","name":"SG Almenrausch Berglern e.V.","description":"","potentialAction":[{"@type":"SearchAction","target":{"@type":"EntryPoint","urlTemplate":"https:\/\/almenrausch-berglern.de\/WordPress_02\/?s={search_term_string}"},"query-input":{"@type":"PropertyValueSpecification","valueRequired":true,"valueName":"search_term_string"}}],"inLanguage":"de"},{"@type":"Person","@id":"https:\/\/almenrausch-berglern.de\/WordPress_02\/#\/schema\/person\/afcf016c71e544dd07a246a131e0dc7c","name":"willi","image":{"@type":"ImageObject","inLanguage":"de","@id":"https:\/\/secure.gravatar.com\/avatar\/78d5815875c82d87f37eedb609f4c23e9e0832f1a15175689e420693042810d8?s=96&d=mm&r=g","url":"https:\/\/secure.gravatar.com\/avatar\/78d5815875c82d87f37eedb609f4c23e9e0832f1a15175689e420693042810d8?s=96&d=mm&r=g","contentUrl":"https:\/\/secure.gravatar.com\/avatar\/78d5815875c82d87f37eedb609f4c23e9e0832f1a15175689e420693042810d8?s=96&d=mm&r=g","caption":"willi"}}]}},"views":527,"publishpress_future_action":{"enabled":false,"date":"2026-05-08 09:36:45","action":"change-status","newStatus":"draft","terms":[],"taxonomy":"category","extraData":[]},"publishpress_future_workflow_manual_trigger":{"enabledWorkflows":[]},"_links":{"self":[{"href":"https:\/\/almenrausch-berglern.de\/WordPress_02\/wp-json\/wp\/v2\/posts\/1787","targetHints":{"allow":["GET"]}}],"collection":[{"href":"https:\/\/almenrausch-berglern.de\/WordPress_02\/wp-json\/wp\/v2\/posts"}],"about":[{"href":"https:\/\/almenrausch-berglern.de\/WordPress_02\/wp-json\/wp\/v2\/types\/post"}],"author":[{"embeddable":true,"href":"https:\/\/almenrausch-berglern.de\/WordPress_02\/wp-json\/wp\/v2\/users\/1"}],"replies":[{"embeddable":true,"href":"https:\/\/almenrausch-berglern.de\/WordPress_02\/wp-json\/wp\/v2\/comments?post=1787"}],"version-history":[{"count":1,"href":"https:\/\/almenrausch-berglern.de\/WordPress_02\/wp-json\/wp\/v2\/posts\/1787\/revisions"}],"predecessor-version":[{"id":1788,"href":"https:\/\/almenrausch-berglern.de\/WordPress_02\/wp-json\/wp\/v2\/posts\/1787\/revisions\/1788"}],"wp:attachment":[{"href":"https:\/\/almenrausch-berglern.de\/WordPress_02\/wp-json\/wp\/v2\/media?parent=1787"}],"wp:term":[{"taxonomy":"category","embeddable":true,"href":"https:\/\/almenrausch-berglern.de\/WordPress_02\/wp-json\/wp\/v2\/categories?post=1787"},{"taxonomy":"post_tag","embeddable":true,"href":"https:\/\/almenrausch-berglern.de\/WordPress_02\/wp-json\/wp\/v2\/tags?post=1787"}],"curies":[{"name":"wp","href":"https:\/\/api.w.org\/{rel}","templated":true}]}}