{"id":1801,"date":"2021-09-15T17:44:41","date_gmt":"2021-09-15T17:44:41","guid":{"rendered":"https:\/\/almenrausch-berglern.de\/WordPress_02\/?p=1801"},"modified":"2021-10-31T11:45:18","modified_gmt":"2021-10-31T11:45:18","slug":"anfangsschiessen-die-almenrausch-schuetzen-starten-wieder","status":"publish","type":"post","link":"https:\/\/almenrausch-berglern.de\/WordPress_02\/anfangsschiessen-die-almenrausch-schuetzen-starten-wieder\/","title":{"rendered":"Anfangsschiessen: die Almenrausch-Sch\u00fctzen starten wieder"},"content":{"rendered":"\n<p>Die Sch\u00fctzengemeinschaft Almenrausch Berglern startet am Freitag, 17. September, in die neue Saison. Alle sind eingeladen. Die Anfangsscheibe hat Herbert Knur zu seinem Geburtstag gespendet. Wer das Schie\u00dfen ausprobieren m\u00f6chte, ist freitags um 18 Uhr im Sport- und Sch\u00fctzenheim Berglern willkommen.<\/p>\n\n\n\n<p>Der Vorstand<\/p>\n","protected":false},"excerpt":{"rendered":"<p>Die Sch\u00fctzengemeinschaft Almenrausch Berglern startet am Freitag, 17. September, in die neue Saison. Alle sind eingeladen. Die Anfangsscheibe hat Herbert Knur zu seinem Geburtstag gespendet. Wer das Schie\u00dfen ausprobieren m\u00f6chte, ist freitags um 18 Uhr im Sport- und Sch\u00fctzenheim Berglern <span class=\"excerpt-dots\">&hellip;<\/span> <a class=\"more-link\" href=\"https:\/\/almenrausch-berglern.de\/WordPress_02\/anfangsschiessen-die-almenrausch-schuetzen-starten-wieder\/\"><span class=\"more-msg\">Hier weiterlesen &#8230;<\/span><\/a><\/p>\n","protected":false},"author":1,"featured_media":0,"comment_status":"closed","ping_status":"closed","sticky":false,"template":"","format":"standard","meta":{"ngg_post_thumbnail":0,"footnotes":""},"categories":[1],"tags":[],"class_list":["post-1801","post","type-post","status-publish","format-standard","hentry","category-allgemein"],"yoast_head":"<!-- This site is optimized with the Yoast SEO plugin v27.2 - https:\/\/yoast.com\/product\/yoast-seo-wordpress\/ -->\n<title>Anfangsschiessen: die Almenrausch-Sch\u00fctzen starten wieder - SG Almenrausch Berglern e.V.<\/title>\n<meta name=\"robots\" content=\"index, follow, max-snippet:-1, max-image-preview:large, max-video-preview:-1\" \/>\n<link rel=\"canonical\" href=\"https:\/\/almenrausch-berglern.de\/WordPress_02\/anfangsschiessen-die-almenrausch-schuetzen-starten-wieder\/\" \/>\n<meta property=\"og:locale\" content=\"de_DE\" \/>\n<meta property=\"og:type\" content=\"article\" \/>\n<meta property=\"og:title\" content=\"Anfangsschiessen: die Almenrausch-Sch\u00fctzen starten wieder - SG Almenrausch Berglern e.V.\" \/>\n<meta property=\"og:description\" content=\"Die Sch\u00fctzengemeinschaft Almenrausch Berglern startet am Freitag, 17. September, in die neue Saison. Alle sind eingeladen. Die Anfangsscheibe hat Herbert Knur zu seinem Geburtstag gespendet. Wer das Schie\u00dfen ausprobieren m\u00f6chte, ist freitags um 18 Uhr im Sport- und Sch\u00fctzenheim Berglern &hellip; Hier weiterlesen ...\" \/>\n<meta property=\"og:url\" content=\"https:\/\/almenrausch-berglern.de\/WordPress_02\/anfangsschiessen-die-almenrausch-schuetzen-starten-wieder\/\" \/>\n<meta property=\"og:site_name\" content=\"SG Almenrausch Berglern e.V.\" \/>\n<meta property=\"article:published_time\" content=\"2021-09-15T17:44:41+00:00\" \/>\n<meta property=\"article:modified_time\" content=\"2021-10-31T11:45:18+00:00\" \/>\n<meta name=\"author\" content=\"willi\" \/>\n<meta name=\"twitter:card\" content=\"summary_large_image\" \/>\n<meta name=\"twitter:label1\" content=\"Verfasst von\" \/>\n\t<meta name=\"twitter:data1\" content=\"willi\" \/>\n\t<meta name=\"twitter:label2\" content=\"Gesch\u00e4tzte Lesezeit\" \/>\n\t<meta name=\"twitter:data2\" content=\"1\u00a0Minute\" \/>\n<script type=\"application\/ld+json\" class=\"yoast-schema-graph\">{\"@context\":\"https:\/\/schema.org\",\"@graph\":[{\"@type\":\"Article\",\"@id\":\"https:\/\/almenrausch-berglern.de\/WordPress_02\/anfangsschiessen-die-almenrausch-schuetzen-starten-wieder\/#article\",\"isPartOf\":{\"@id\":\"https:\/\/almenrausch-berglern.de\/WordPress_02\/anfangsschiessen-die-almenrausch-schuetzen-starten-wieder\/\"},\"author\":{\"name\":\"willi\",\"@id\":\"https:\/\/almenrausch-berglern.de\/WordPress_02\/#\/schema\/person\/afcf016c71e544dd07a246a131e0dc7c\"},\"headline\":\"Anfangsschiessen: die Almenrausch-Sch\u00fctzen starten wieder\",\"datePublished\":\"2021-09-15T17:44:41+00:00\",\"dateModified\":\"2021-10-31T11:45:18+00:00\",\"mainEntityOfPage\":{\"@id\":\"https:\/\/almenrausch-berglern.de\/WordPress_02\/anfangsschiessen-die-almenrausch-schuetzen-starten-wieder\/\"},\"wordCount\":51,\"inLanguage\":\"de\"},{\"@type\":\"WebPage\",\"@id\":\"https:\/\/almenrausch-berglern.de\/WordPress_02\/anfangsschiessen-die-almenrausch-schuetzen-starten-wieder\/\",\"url\":\"https:\/\/almenrausch-berglern.de\/WordPress_02\/anfangsschiessen-die-almenrausch-schuetzen-starten-wieder\/\",\"name\":\"Anfangsschiessen: die Almenrausch-Sch\u00fctzen starten wieder - SG Almenrausch Berglern e.V.\",\"isPartOf\":{\"@id\":\"https:\/\/almenrausch-berglern.de\/WordPress_02\/#website\"},\"datePublished\":\"2021-09-15T17:44:41+00:00\",\"dateModified\":\"2021-10-31T11:45:18+00:00\",\"author\":{\"@id\":\"https:\/\/almenrausch-berglern.de\/WordPress_02\/#\/schema\/person\/afcf016c71e544dd07a246a131e0dc7c\"},\"breadcrumb\":{\"@id\":\"https:\/\/almenrausch-berglern.de\/WordPress_02\/anfangsschiessen-die-almenrausch-schuetzen-starten-wieder\/#breadcrumb\"},\"inLanguage\":\"de\",\"potentialAction\":[{\"@type\":\"ReadAction\",\"target\":[\"https:\/\/almenrausch-berglern.de\/WordPress_02\/anfangsschiessen-die-almenrausch-schuetzen-starten-wieder\/\"]}]},{\"@type\":\"BreadcrumbList\",\"@id\":\"https:\/\/almenrausch-berglern.de\/WordPress_02\/anfangsschiessen-die-almenrausch-schuetzen-starten-wieder\/#breadcrumb\",\"itemListElement\":[{\"@type\":\"ListItem\",\"position\":1,\"name\":\"Startseite\",\"item\":\"https:\/\/almenrausch-berglern.de\/WordPress_02\/\"},{\"@type\":\"ListItem\",\"position\":2,\"name\":\"Anfangsschiessen: die Almenrausch-Sch\u00fctzen starten wieder\"}]},{\"@type\":\"WebSite\",\"@id\":\"https:\/\/almenrausch-berglern.de\/WordPress_02\/#website\",\"url\":\"https:\/\/almenrausch-berglern.de\/WordPress_02\/\",\"name\":\"SG Almenrausch Berglern e.V.\",\"description\":\"\",\"potentialAction\":[{\"@type\":\"SearchAction\",\"target\":{\"@type\":\"EntryPoint\",\"urlTemplate\":\"https:\/\/almenrausch-berglern.de\/WordPress_02\/?s={search_term_string}\"},\"query-input\":{\"@type\":\"PropertyValueSpecification\",\"valueRequired\":true,\"valueName\":\"search_term_string\"}}],\"inLanguage\":\"de\"},{\"@type\":\"Person\",\"@id\":\"https:\/\/almenrausch-berglern.de\/WordPress_02\/#\/schema\/person\/afcf016c71e544dd07a246a131e0dc7c\",\"name\":\"willi\",\"image\":{\"@type\":\"ImageObject\",\"inLanguage\":\"de\",\"@id\":\"https:\/\/secure.gravatar.com\/avatar\/78d5815875c82d87f37eedb609f4c23e9e0832f1a15175689e420693042810d8?s=96&d=mm&r=g\",\"url\":\"https:\/\/secure.gravatar.com\/avatar\/78d5815875c82d87f37eedb609f4c23e9e0832f1a15175689e420693042810d8?s=96&d=mm&r=g\",\"contentUrl\":\"https:\/\/secure.gravatar.com\/avatar\/78d5815875c82d87f37eedb609f4c23e9e0832f1a15175689e420693042810d8?s=96&d=mm&r=g\",\"caption\":\"willi\"}}]}<\/script>\n<!-- \/ Yoast SEO plugin. -->","yoast_head_json":{"title":"Anfangsschiessen: die Almenrausch-Sch\u00fctzen starten wieder - SG Almenrausch Berglern e.V.","robots":{"index":"index","follow":"follow","max-snippet":"max-snippet:-1","max-image-preview":"max-image-preview:large","max-video-preview":"max-video-preview:-1"},"canonical":"https:\/\/almenrausch-berglern.de\/WordPress_02\/anfangsschiessen-die-almenrausch-schuetzen-starten-wieder\/","og_locale":"de_DE","og_type":"article","og_title":"Anfangsschiessen: die Almenrausch-Sch\u00fctzen starten wieder - SG Almenrausch Berglern e.V.","og_description":"Die Sch\u00fctzengemeinschaft Almenrausch Berglern startet am Freitag, 17. September, in die neue Saison. Alle sind eingeladen. Die Anfangsscheibe hat Herbert Knur zu seinem Geburtstag gespendet. Wer das Schie\u00dfen ausprobieren m\u00f6chte, ist freitags um 18 Uhr im Sport- und Sch\u00fctzenheim Berglern &hellip; Hier weiterlesen ...","og_url":"https:\/\/almenrausch-berglern.de\/WordPress_02\/anfangsschiessen-die-almenrausch-schuetzen-starten-wieder\/","og_site_name":"SG Almenrausch Berglern e.V.","article_published_time":"2021-09-15T17:44:41+00:00","article_modified_time":"2021-10-31T11:45:18+00:00","author":"willi","twitter_card":"summary_large_image","twitter_misc":{"Verfasst von":"willi","Gesch\u00e4tzte Lesezeit":"1\u00a0Minute"},"schema":{"@context":"https:\/\/schema.org","@graph":[{"@type":"Article","@id":"https:\/\/almenrausch-berglern.de\/WordPress_02\/anfangsschiessen-die-almenrausch-schuetzen-starten-wieder\/#article","isPartOf":{"@id":"https:\/\/almenrausch-berglern.de\/WordPress_02\/anfangsschiessen-die-almenrausch-schuetzen-starten-wieder\/"},"author":{"name":"willi","@id":"https:\/\/almenrausch-berglern.de\/WordPress_02\/#\/schema\/person\/afcf016c71e544dd07a246a131e0dc7c"},"headline":"Anfangsschiessen: die Almenrausch-Sch\u00fctzen starten wieder","datePublished":"2021-09-15T17:44:41+00:00","dateModified":"2021-10-31T11:45:18+00:00","mainEntityOfPage":{"@id":"https:\/\/almenrausch-berglern.de\/WordPress_02\/anfangsschiessen-die-almenrausch-schuetzen-starten-wieder\/"},"wordCount":51,"inLanguage":"de"},{"@type":"WebPage","@id":"https:\/\/almenrausch-berglern.de\/WordPress_02\/anfangsschiessen-die-almenrausch-schuetzen-starten-wieder\/","url":"https:\/\/almenrausch-berglern.de\/WordPress_02\/anfangsschiessen-die-almenrausch-schuetzen-starten-wieder\/","name":"Anfangsschiessen: die Almenrausch-Sch\u00fctzen starten wieder - SG Almenrausch Berglern e.V.","isPartOf":{"@id":"https:\/\/almenrausch-berglern.de\/WordPress_02\/#website"},"datePublished":"2021-09-15T17:44:41+00:00","dateModified":"2021-10-31T11:45:18+00:00","author":{"@id":"https:\/\/almenrausch-berglern.de\/WordPress_02\/#\/schema\/person\/afcf016c71e544dd07a246a131e0dc7c"},"breadcrumb":{"@id":"https:\/\/almenrausch-berglern.de\/WordPress_02\/anfangsschiessen-die-almenrausch-schuetzen-starten-wieder\/#breadcrumb"},"inLanguage":"de","potentialAction":[{"@type":"ReadAction","target":["https:\/\/almenrausch-berglern.de\/WordPress_02\/anfangsschiessen-die-almenrausch-schuetzen-starten-wieder\/"]}]},{"@type":"BreadcrumbList","@id":"https:\/\/almenrausch-berglern.de\/WordPress_02\/anfangsschiessen-die-almenrausch-schuetzen-starten-wieder\/#breadcrumb","itemListElement":[{"@type":"ListItem","position":1,"name":"Startseite","item":"https:\/\/almenrausch-berglern.de\/WordPress_02\/"},{"@type":"ListItem","position":2,"name":"Anfangsschiessen: die Almenrausch-Sch\u00fctzen starten wieder"}]},{"@type":"WebSite","@id":"https:\/\/almenrausch-berglern.de\/WordPress_02\/#website","url":"https:\/\/almenrausch-berglern.de\/WordPress_02\/","name":"SG Almenrausch Berglern e.V.","description":"","potentialAction":[{"@type":"SearchAction","target":{"@type":"EntryPoint","urlTemplate":"https:\/\/almenrausch-berglern.de\/WordPress_02\/?s={search_term_string}"},"query-input":{"@type":"PropertyValueSpecification","valueRequired":true,"valueName":"search_term_string"}}],"inLanguage":"de"},{"@type":"Person","@id":"https:\/\/almenrausch-berglern.de\/WordPress_02\/#\/schema\/person\/afcf016c71e544dd07a246a131e0dc7c","name":"willi","image":{"@type":"ImageObject","inLanguage":"de","@id":"https:\/\/secure.gravatar.com\/avatar\/78d5815875c82d87f37eedb609f4c23e9e0832f1a15175689e420693042810d8?s=96&d=mm&r=g","url":"https:\/\/secure.gravatar.com\/avatar\/78d5815875c82d87f37eedb609f4c23e9e0832f1a15175689e420693042810d8?s=96&d=mm&r=g","contentUrl":"https:\/\/secure.gravatar.com\/avatar\/78d5815875c82d87f37eedb609f4c23e9e0832f1a15175689e420693042810d8?s=96&d=mm&r=g","caption":"willi"}}]}},"views":506,"publishpress_future_action":{"enabled":false,"date":"2026-05-10 08:06:15","action":"change-status","newStatus":"draft","terms":[],"taxonomy":"category","extraData":[]},"publishpress_future_workflow_manual_trigger":{"enabledWorkflows":[]},"_links":{"self":[{"href":"https:\/\/almenrausch-berglern.de\/WordPress_02\/wp-json\/wp\/v2\/posts\/1801","targetHints":{"allow":["GET"]}}],"collection":[{"href":"https:\/\/almenrausch-berglern.de\/WordPress_02\/wp-json\/wp\/v2\/posts"}],"about":[{"href":"https:\/\/almenrausch-berglern.de\/WordPress_02\/wp-json\/wp\/v2\/types\/post"}],"author":[{"embeddable":true,"href":"https:\/\/almenrausch-berglern.de\/WordPress_02\/wp-json\/wp\/v2\/users\/1"}],"replies":[{"embeddable":true,"href":"https:\/\/almenrausch-berglern.de\/WordPress_02\/wp-json\/wp\/v2\/comments?post=1801"}],"version-history":[{"count":1,"href":"https:\/\/almenrausch-berglern.de\/WordPress_02\/wp-json\/wp\/v2\/posts\/1801\/revisions"}],"predecessor-version":[{"id":1802,"href":"https:\/\/almenrausch-berglern.de\/WordPress_02\/wp-json\/wp\/v2\/posts\/1801\/revisions\/1802"}],"wp:attachment":[{"href":"https:\/\/almenrausch-berglern.de\/WordPress_02\/wp-json\/wp\/v2\/media?parent=1801"}],"wp:term":[{"taxonomy":"category","embeddable":true,"href":"https:\/\/almenrausch-berglern.de\/WordPress_02\/wp-json\/wp\/v2\/categories?post=1801"},{"taxonomy":"post_tag","embeddable":true,"href":"https:\/\/almenrausch-berglern.de\/WordPress_02\/wp-json\/wp\/v2\/tags?post=1801"}],"curies":[{"name":"wp","href":"https:\/\/api.w.org\/{rel}","templated":true}]}}