{"id":1845,"date":"2021-11-26T18:16:03","date_gmt":"2021-11-26T18:16:03","guid":{"rendered":"https:\/\/almenrausch-berglern.de\/WordPress_02\/?p=1845"},"modified":"2021-12-03T16:06:57","modified_gmt":"2021-12-03T16:06:57","slug":"corona-laesst-nicht-locker-saisonunterbrechung","status":"publish","type":"post","link":"https:\/\/almenrausch-berglern.de\/WordPress_02\/corona-laesst-nicht-locker-saisonunterbrechung\/","title":{"rendered":"Corona l\u00e4sst nicht locker &#8211; Saisonunterbrechung"},"content":{"rendered":"\r\n<p>Liebe Almenrausch-Sch\u00fctzen,<\/p>\r\n\r\n\r\n\r\n<p>aufgrund der aktuellen Infektionslage m\u00fcssen wir den Schiessbetrieb bis auf weiteres einstellen. Alle Schiessabende im November und Dezember 2021 sind daher abgesagt.<\/p>\r\n<p>Je nach Entwicklung wollen wir versuchen, Anfang Januar wieder in den Schiessbetrieb einzusteigen.<\/p>\r\n<p>Wir bitten um Euer Verst\u00e4ndnis.<\/p>\r\n<p>Euer Vorstand<\/p>\r\n","protected":false},"excerpt":{"rendered":"<p>Liebe Almenrausch-Sch\u00fctzen, aufgrund der aktuellen Infektionslage m\u00fcssen wir den Schiessbetrieb bis auf weiteres einstellen. Alle Schiessabende im November und Dezember 2021 sind daher abgesagt. Je nach Entwicklung wollen wir versuchen, Anfang Januar wieder in den Schiessbetrieb einzusteigen. Wir bitten um <span class=\"excerpt-dots\">&hellip;<\/span> <a class=\"more-link\" href=\"https:\/\/almenrausch-berglern.de\/WordPress_02\/corona-laesst-nicht-locker-saisonunterbrechung\/\"><span class=\"more-msg\">Hier weiterlesen &#8230;<\/span><\/a><\/p>\n","protected":false},"author":1,"featured_media":0,"comment_status":"closed","ping_status":"closed","sticky":false,"template":"","format":"standard","meta":{"ngg_post_thumbnail":0,"footnotes":""},"categories":[1],"tags":[],"class_list":["post-1845","post","type-post","status-publish","format-standard","hentry","category-allgemein"],"yoast_head":"<!-- This site is optimized with the Yoast SEO plugin v27.2 - https:\/\/yoast.com\/product\/yoast-seo-wordpress\/ -->\n<title>Corona l\u00e4sst nicht locker - Saisonunterbrechung - SG Almenrausch Berglern e.V.<\/title>\n<meta name=\"robots\" content=\"index, follow, max-snippet:-1, max-image-preview:large, max-video-preview:-1\" \/>\n<link rel=\"canonical\" href=\"https:\/\/almenrausch-berglern.de\/WordPress_02\/corona-laesst-nicht-locker-saisonunterbrechung\/\" \/>\n<meta property=\"og:locale\" content=\"de_DE\" \/>\n<meta property=\"og:type\" content=\"article\" \/>\n<meta property=\"og:title\" content=\"Corona l\u00e4sst nicht locker - Saisonunterbrechung - SG Almenrausch Berglern e.V.\" \/>\n<meta property=\"og:description\" content=\"Liebe Almenrausch-Sch\u00fctzen, aufgrund der aktuellen Infektionslage m\u00fcssen wir den Schiessbetrieb bis auf weiteres einstellen. Alle Schiessabende im November und Dezember 2021 sind daher abgesagt. Je nach Entwicklung wollen wir versuchen, Anfang Januar wieder in den Schiessbetrieb einzusteigen. Wir bitten um &hellip; Hier weiterlesen ...\" \/>\n<meta property=\"og:url\" content=\"https:\/\/almenrausch-berglern.de\/WordPress_02\/corona-laesst-nicht-locker-saisonunterbrechung\/\" \/>\n<meta property=\"og:site_name\" content=\"SG Almenrausch Berglern e.V.\" \/>\n<meta property=\"article:published_time\" content=\"2021-11-26T18:16:03+00:00\" \/>\n<meta property=\"article:modified_time\" content=\"2021-12-03T16:06:57+00:00\" \/>\n<meta name=\"author\" content=\"willi\" \/>\n<meta name=\"twitter:card\" content=\"summary_large_image\" \/>\n<meta name=\"twitter:label1\" content=\"Verfasst von\" \/>\n\t<meta name=\"twitter:data1\" content=\"willi\" \/>\n\t<meta name=\"twitter:label2\" content=\"Gesch\u00e4tzte Lesezeit\" \/>\n\t<meta name=\"twitter:data2\" content=\"1\u00a0Minute\" \/>\n<script type=\"application\/ld+json\" class=\"yoast-schema-graph\">{\"@context\":\"https:\/\/schema.org\",\"@graph\":[{\"@type\":\"Article\",\"@id\":\"https:\/\/almenrausch-berglern.de\/WordPress_02\/corona-laesst-nicht-locker-saisonunterbrechung\/#article\",\"isPartOf\":{\"@id\":\"https:\/\/almenrausch-berglern.de\/WordPress_02\/corona-laesst-nicht-locker-saisonunterbrechung\/\"},\"author\":{\"name\":\"willi\",\"@id\":\"https:\/\/almenrausch-berglern.de\/WordPress_02\/#\/schema\/person\/afcf016c71e544dd07a246a131e0dc7c\"},\"headline\":\"Corona l\u00e4sst nicht locker &#8211; Saisonunterbrechung\",\"datePublished\":\"2021-11-26T18:16:03+00:00\",\"dateModified\":\"2021-12-03T16:06:57+00:00\",\"mainEntityOfPage\":{\"@id\":\"https:\/\/almenrausch-berglern.de\/WordPress_02\/corona-laesst-nicht-locker-saisonunterbrechung\/\"},\"wordCount\":53,\"inLanguage\":\"de\"},{\"@type\":\"WebPage\",\"@id\":\"https:\/\/almenrausch-berglern.de\/WordPress_02\/corona-laesst-nicht-locker-saisonunterbrechung\/\",\"url\":\"https:\/\/almenrausch-berglern.de\/WordPress_02\/corona-laesst-nicht-locker-saisonunterbrechung\/\",\"name\":\"Corona l\u00e4sst nicht locker - Saisonunterbrechung - SG Almenrausch Berglern e.V.\",\"isPartOf\":{\"@id\":\"https:\/\/almenrausch-berglern.de\/WordPress_02\/#website\"},\"datePublished\":\"2021-11-26T18:16:03+00:00\",\"dateModified\":\"2021-12-03T16:06:57+00:00\",\"author\":{\"@id\":\"https:\/\/almenrausch-berglern.de\/WordPress_02\/#\/schema\/person\/afcf016c71e544dd07a246a131e0dc7c\"},\"breadcrumb\":{\"@id\":\"https:\/\/almenrausch-berglern.de\/WordPress_02\/corona-laesst-nicht-locker-saisonunterbrechung\/#breadcrumb\"},\"inLanguage\":\"de\",\"potentialAction\":[{\"@type\":\"ReadAction\",\"target\":[\"https:\/\/almenrausch-berglern.de\/WordPress_02\/corona-laesst-nicht-locker-saisonunterbrechung\/\"]}]},{\"@type\":\"BreadcrumbList\",\"@id\":\"https:\/\/almenrausch-berglern.de\/WordPress_02\/corona-laesst-nicht-locker-saisonunterbrechung\/#breadcrumb\",\"itemListElement\":[{\"@type\":\"ListItem\",\"position\":1,\"name\":\"Startseite\",\"item\":\"https:\/\/almenrausch-berglern.de\/WordPress_02\/\"},{\"@type\":\"ListItem\",\"position\":2,\"name\":\"Corona l\u00e4sst nicht locker &#8211; Saisonunterbrechung\"}]},{\"@type\":\"WebSite\",\"@id\":\"https:\/\/almenrausch-berglern.de\/WordPress_02\/#website\",\"url\":\"https:\/\/almenrausch-berglern.de\/WordPress_02\/\",\"name\":\"SG Almenrausch Berglern e.V.\",\"description\":\"\",\"potentialAction\":[{\"@type\":\"SearchAction\",\"target\":{\"@type\":\"EntryPoint\",\"urlTemplate\":\"https:\/\/almenrausch-berglern.de\/WordPress_02\/?s={search_term_string}\"},\"query-input\":{\"@type\":\"PropertyValueSpecification\",\"valueRequired\":true,\"valueName\":\"search_term_string\"}}],\"inLanguage\":\"de\"},{\"@type\":\"Person\",\"@id\":\"https:\/\/almenrausch-berglern.de\/WordPress_02\/#\/schema\/person\/afcf016c71e544dd07a246a131e0dc7c\",\"name\":\"willi\",\"image\":{\"@type\":\"ImageObject\",\"inLanguage\":\"de\",\"@id\":\"https:\/\/secure.gravatar.com\/avatar\/78d5815875c82d87f37eedb609f4c23e9e0832f1a15175689e420693042810d8?s=96&d=mm&r=g\",\"url\":\"https:\/\/secure.gravatar.com\/avatar\/78d5815875c82d87f37eedb609f4c23e9e0832f1a15175689e420693042810d8?s=96&d=mm&r=g\",\"contentUrl\":\"https:\/\/secure.gravatar.com\/avatar\/78d5815875c82d87f37eedb609f4c23e9e0832f1a15175689e420693042810d8?s=96&d=mm&r=g\",\"caption\":\"willi\"}}]}<\/script>\n<!-- \/ Yoast SEO plugin. -->","yoast_head_json":{"title":"Corona l\u00e4sst nicht locker - Saisonunterbrechung - SG Almenrausch Berglern e.V.","robots":{"index":"index","follow":"follow","max-snippet":"max-snippet:-1","max-image-preview":"max-image-preview:large","max-video-preview":"max-video-preview:-1"},"canonical":"https:\/\/almenrausch-berglern.de\/WordPress_02\/corona-laesst-nicht-locker-saisonunterbrechung\/","og_locale":"de_DE","og_type":"article","og_title":"Corona l\u00e4sst nicht locker - Saisonunterbrechung - SG Almenrausch Berglern e.V.","og_description":"Liebe Almenrausch-Sch\u00fctzen, aufgrund der aktuellen Infektionslage m\u00fcssen wir den Schiessbetrieb bis auf weiteres einstellen. Alle Schiessabende im November und Dezember 2021 sind daher abgesagt. Je nach Entwicklung wollen wir versuchen, Anfang Januar wieder in den Schiessbetrieb einzusteigen. Wir bitten um &hellip; Hier weiterlesen ...","og_url":"https:\/\/almenrausch-berglern.de\/WordPress_02\/corona-laesst-nicht-locker-saisonunterbrechung\/","og_site_name":"SG Almenrausch Berglern e.V.","article_published_time":"2021-11-26T18:16:03+00:00","article_modified_time":"2021-12-03T16:06:57+00:00","author":"willi","twitter_card":"summary_large_image","twitter_misc":{"Verfasst von":"willi","Gesch\u00e4tzte Lesezeit":"1\u00a0Minute"},"schema":{"@context":"https:\/\/schema.org","@graph":[{"@type":"Article","@id":"https:\/\/almenrausch-berglern.de\/WordPress_02\/corona-laesst-nicht-locker-saisonunterbrechung\/#article","isPartOf":{"@id":"https:\/\/almenrausch-berglern.de\/WordPress_02\/corona-laesst-nicht-locker-saisonunterbrechung\/"},"author":{"name":"willi","@id":"https:\/\/almenrausch-berglern.de\/WordPress_02\/#\/schema\/person\/afcf016c71e544dd07a246a131e0dc7c"},"headline":"Corona l\u00e4sst nicht locker &#8211; Saisonunterbrechung","datePublished":"2021-11-26T18:16:03+00:00","dateModified":"2021-12-03T16:06:57+00:00","mainEntityOfPage":{"@id":"https:\/\/almenrausch-berglern.de\/WordPress_02\/corona-laesst-nicht-locker-saisonunterbrechung\/"},"wordCount":53,"inLanguage":"de"},{"@type":"WebPage","@id":"https:\/\/almenrausch-berglern.de\/WordPress_02\/corona-laesst-nicht-locker-saisonunterbrechung\/","url":"https:\/\/almenrausch-berglern.de\/WordPress_02\/corona-laesst-nicht-locker-saisonunterbrechung\/","name":"Corona l\u00e4sst nicht locker - Saisonunterbrechung - SG Almenrausch Berglern e.V.","isPartOf":{"@id":"https:\/\/almenrausch-berglern.de\/WordPress_02\/#website"},"datePublished":"2021-11-26T18:16:03+00:00","dateModified":"2021-12-03T16:06:57+00:00","author":{"@id":"https:\/\/almenrausch-berglern.de\/WordPress_02\/#\/schema\/person\/afcf016c71e544dd07a246a131e0dc7c"},"breadcrumb":{"@id":"https:\/\/almenrausch-berglern.de\/WordPress_02\/corona-laesst-nicht-locker-saisonunterbrechung\/#breadcrumb"},"inLanguage":"de","potentialAction":[{"@type":"ReadAction","target":["https:\/\/almenrausch-berglern.de\/WordPress_02\/corona-laesst-nicht-locker-saisonunterbrechung\/"]}]},{"@type":"BreadcrumbList","@id":"https:\/\/almenrausch-berglern.de\/WordPress_02\/corona-laesst-nicht-locker-saisonunterbrechung\/#breadcrumb","itemListElement":[{"@type":"ListItem","position":1,"name":"Startseite","item":"https:\/\/almenrausch-berglern.de\/WordPress_02\/"},{"@type":"ListItem","position":2,"name":"Corona l\u00e4sst nicht locker &#8211; Saisonunterbrechung"}]},{"@type":"WebSite","@id":"https:\/\/almenrausch-berglern.de\/WordPress_02\/#website","url":"https:\/\/almenrausch-berglern.de\/WordPress_02\/","name":"SG Almenrausch Berglern e.V.","description":"","potentialAction":[{"@type":"SearchAction","target":{"@type":"EntryPoint","urlTemplate":"https:\/\/almenrausch-berglern.de\/WordPress_02\/?s={search_term_string}"},"query-input":{"@type":"PropertyValueSpecification","valueRequired":true,"valueName":"search_term_string"}}],"inLanguage":"de"},{"@type":"Person","@id":"https:\/\/almenrausch-berglern.de\/WordPress_02\/#\/schema\/person\/afcf016c71e544dd07a246a131e0dc7c","name":"willi","image":{"@type":"ImageObject","inLanguage":"de","@id":"https:\/\/secure.gravatar.com\/avatar\/78d5815875c82d87f37eedb609f4c23e9e0832f1a15175689e420693042810d8?s=96&d=mm&r=g","url":"https:\/\/secure.gravatar.com\/avatar\/78d5815875c82d87f37eedb609f4c23e9e0832f1a15175689e420693042810d8?s=96&d=mm&r=g","contentUrl":"https:\/\/secure.gravatar.com\/avatar\/78d5815875c82d87f37eedb609f4c23e9e0832f1a15175689e420693042810d8?s=96&d=mm&r=g","caption":"willi"}}]}},"views":568,"publishpress_future_action":{"enabled":false,"date":"2026-05-08 09:33:39","action":"change-status","newStatus":"draft","terms":[],"taxonomy":"category","extraData":[]},"publishpress_future_workflow_manual_trigger":{"enabledWorkflows":[]},"_links":{"self":[{"href":"https:\/\/almenrausch-berglern.de\/WordPress_02\/wp-json\/wp\/v2\/posts\/1845","targetHints":{"allow":["GET"]}}],"collection":[{"href":"https:\/\/almenrausch-berglern.de\/WordPress_02\/wp-json\/wp\/v2\/posts"}],"about":[{"href":"https:\/\/almenrausch-berglern.de\/WordPress_02\/wp-json\/wp\/v2\/types\/post"}],"author":[{"embeddable":true,"href":"https:\/\/almenrausch-berglern.de\/WordPress_02\/wp-json\/wp\/v2\/users\/1"}],"replies":[{"embeddable":true,"href":"https:\/\/almenrausch-berglern.de\/WordPress_02\/wp-json\/wp\/v2\/comments?post=1845"}],"version-history":[{"count":1,"href":"https:\/\/almenrausch-berglern.de\/WordPress_02\/wp-json\/wp\/v2\/posts\/1845\/revisions"}],"predecessor-version":[{"id":1846,"href":"https:\/\/almenrausch-berglern.de\/WordPress_02\/wp-json\/wp\/v2\/posts\/1845\/revisions\/1846"}],"wp:attachment":[{"href":"https:\/\/almenrausch-berglern.de\/WordPress_02\/wp-json\/wp\/v2\/media?parent=1845"}],"wp:term":[{"taxonomy":"category","embeddable":true,"href":"https:\/\/almenrausch-berglern.de\/WordPress_02\/wp-json\/wp\/v2\/categories?post=1845"},{"taxonomy":"post_tag","embeddable":true,"href":"https:\/\/almenrausch-berglern.de\/WordPress_02\/wp-json\/wp\/v2\/tags?post=1845"}],"curies":[{"name":"wp","href":"https:\/\/api.w.org\/{rel}","templated":true}]}}