{"id":1864,"date":"2021-12-01T22:07:15","date_gmt":"2021-12-01T22:07:15","guid":{"rendered":"https:\/\/almenrausch-berglern.de\/WordPress_02\/?p=1864"},"modified":"2021-12-03T16:14:59","modified_gmt":"2021-12-03T16:14:59","slug":"absage-der-nikolausfeier-geselchtes-trotzdem-verfuegbar","status":"publish","type":"post","link":"https:\/\/almenrausch-berglern.de\/WordPress_02\/absage-der-nikolausfeier-geselchtes-trotzdem-verfuegbar\/","title":{"rendered":"Absage der Nikolausfeier &#8211; Geselchtes trotzdem verf\u00fcgbar"},"content":{"rendered":"<p>Die Sch\u00fctzengesellschaft Almenrausch Berglern muss die f\u00fcr den 04.12.2021 geplante Nikolausfeier aufgrund der aktuell gegebenen Corona-Auflagen absagen.<\/p>\n<p>Das traditionell Ger\u00e4ucherte (Geselchtes) wird am 11.12.2021 gegen eine Spende ausgefahren. Die Bestellung ist bei Fam. Kressierer ab 06.12. bis 08.12.2021 von 15:00 bis 20:00 unter Tel. 2387 m\u00f6glich. Es gilt die M\u00fchlenordnung: wer zuerst kommt, mahlt zuerst.<\/p>\n<p>Die Vorstandschaft<\/p>\n","protected":false},"excerpt":{"rendered":"<p>Die Sch\u00fctzengesellschaft Almenrausch Berglern muss die f\u00fcr den 04.12.2021 geplante Nikolausfeier aufgrund der aktuell gegebenen Corona-Auflagen absagen. Das traditionell Ger\u00e4ucherte (Geselchtes) wird am 11.12.2021 gegen eine Spende ausgefahren. Die Bestellung ist bei Fam. Kressierer ab 06.12. bis 08.12.2021 von 15:00 <span class=\"excerpt-dots\">&hellip;<\/span> <a class=\"more-link\" href=\"https:\/\/almenrausch-berglern.de\/WordPress_02\/absage-der-nikolausfeier-geselchtes-trotzdem-verfuegbar\/\"><span class=\"more-msg\">Hier weiterlesen &#8230;<\/span><\/a><\/p>\n","protected":false},"author":1,"featured_media":0,"comment_status":"closed","ping_status":"closed","sticky":false,"template":"","format":"standard","meta":{"ngg_post_thumbnail":0,"footnotes":""},"categories":[1],"tags":[],"class_list":["post-1864","post","type-post","status-publish","format-standard","hentry","category-allgemein"],"yoast_head":"<!-- This site is optimized with the Yoast SEO plugin v27.2 - https:\/\/yoast.com\/product\/yoast-seo-wordpress\/ -->\n<title>Absage der Nikolausfeier - Geselchtes trotzdem verf\u00fcgbar - SG Almenrausch Berglern e.V.<\/title>\n<meta name=\"robots\" content=\"index, follow, max-snippet:-1, max-image-preview:large, max-video-preview:-1\" \/>\n<link rel=\"canonical\" href=\"https:\/\/almenrausch-berglern.de\/WordPress_02\/absage-der-nikolausfeier-geselchtes-trotzdem-verfuegbar\/\" \/>\n<meta property=\"og:locale\" content=\"de_DE\" \/>\n<meta property=\"og:type\" content=\"article\" \/>\n<meta property=\"og:title\" content=\"Absage der Nikolausfeier - Geselchtes trotzdem verf\u00fcgbar - SG Almenrausch Berglern e.V.\" \/>\n<meta property=\"og:description\" content=\"Die Sch\u00fctzengesellschaft Almenrausch Berglern muss die f\u00fcr den 04.12.2021 geplante Nikolausfeier aufgrund der aktuell gegebenen Corona-Auflagen absagen. Das traditionell Ger\u00e4ucherte (Geselchtes) wird am 11.12.2021 gegen eine Spende ausgefahren. Die Bestellung ist bei Fam. Kressierer ab 06.12. bis 08.12.2021 von 15:00 &hellip; Hier weiterlesen ...\" \/>\n<meta property=\"og:url\" content=\"https:\/\/almenrausch-berglern.de\/WordPress_02\/absage-der-nikolausfeier-geselchtes-trotzdem-verfuegbar\/\" \/>\n<meta property=\"og:site_name\" content=\"SG Almenrausch Berglern e.V.\" \/>\n<meta property=\"article:published_time\" content=\"2021-12-01T22:07:15+00:00\" \/>\n<meta property=\"article:modified_time\" content=\"2021-12-03T16:14:59+00:00\" \/>\n<meta name=\"author\" content=\"willi\" \/>\n<meta name=\"twitter:card\" content=\"summary_large_image\" \/>\n<meta name=\"twitter:label1\" content=\"Verfasst von\" \/>\n\t<meta name=\"twitter:data1\" content=\"willi\" \/>\n<script type=\"application\/ld+json\" class=\"yoast-schema-graph\">{\"@context\":\"https:\/\/schema.org\",\"@graph\":[{\"@type\":\"Article\",\"@id\":\"https:\/\/almenrausch-berglern.de\/WordPress_02\/absage-der-nikolausfeier-geselchtes-trotzdem-verfuegbar\/#article\",\"isPartOf\":{\"@id\":\"https:\/\/almenrausch-berglern.de\/WordPress_02\/absage-der-nikolausfeier-geselchtes-trotzdem-verfuegbar\/\"},\"author\":{\"name\":\"willi\",\"@id\":\"https:\/\/almenrausch-berglern.de\/WordPress_02\/#\/schema\/person\/afcf016c71e544dd07a246a131e0dc7c\"},\"headline\":\"Absage der Nikolausfeier &#8211; Geselchtes trotzdem verf\u00fcgbar\",\"datePublished\":\"2021-12-01T22:07:15+00:00\",\"dateModified\":\"2021-12-03T16:14:59+00:00\",\"mainEntityOfPage\":{\"@id\":\"https:\/\/almenrausch-berglern.de\/WordPress_02\/absage-der-nikolausfeier-geselchtes-trotzdem-verfuegbar\/\"},\"wordCount\":63,\"inLanguage\":\"de\"},{\"@type\":\"WebPage\",\"@id\":\"https:\/\/almenrausch-berglern.de\/WordPress_02\/absage-der-nikolausfeier-geselchtes-trotzdem-verfuegbar\/\",\"url\":\"https:\/\/almenrausch-berglern.de\/WordPress_02\/absage-der-nikolausfeier-geselchtes-trotzdem-verfuegbar\/\",\"name\":\"Absage der Nikolausfeier - Geselchtes trotzdem verf\u00fcgbar - SG Almenrausch Berglern e.V.\",\"isPartOf\":{\"@id\":\"https:\/\/almenrausch-berglern.de\/WordPress_02\/#website\"},\"datePublished\":\"2021-12-01T22:07:15+00:00\",\"dateModified\":\"2021-12-03T16:14:59+00:00\",\"author\":{\"@id\":\"https:\/\/almenrausch-berglern.de\/WordPress_02\/#\/schema\/person\/afcf016c71e544dd07a246a131e0dc7c\"},\"breadcrumb\":{\"@id\":\"https:\/\/almenrausch-berglern.de\/WordPress_02\/absage-der-nikolausfeier-geselchtes-trotzdem-verfuegbar\/#breadcrumb\"},\"inLanguage\":\"de\",\"potentialAction\":[{\"@type\":\"ReadAction\",\"target\":[\"https:\/\/almenrausch-berglern.de\/WordPress_02\/absage-der-nikolausfeier-geselchtes-trotzdem-verfuegbar\/\"]}]},{\"@type\":\"BreadcrumbList\",\"@id\":\"https:\/\/almenrausch-berglern.de\/WordPress_02\/absage-der-nikolausfeier-geselchtes-trotzdem-verfuegbar\/#breadcrumb\",\"itemListElement\":[{\"@type\":\"ListItem\",\"position\":1,\"name\":\"Startseite\",\"item\":\"https:\/\/almenrausch-berglern.de\/WordPress_02\/\"},{\"@type\":\"ListItem\",\"position\":2,\"name\":\"Absage der Nikolausfeier &#8211; Geselchtes trotzdem verf\u00fcgbar\"}]},{\"@type\":\"WebSite\",\"@id\":\"https:\/\/almenrausch-berglern.de\/WordPress_02\/#website\",\"url\":\"https:\/\/almenrausch-berglern.de\/WordPress_02\/\",\"name\":\"SG Almenrausch Berglern e.V.\",\"description\":\"\",\"potentialAction\":[{\"@type\":\"SearchAction\",\"target\":{\"@type\":\"EntryPoint\",\"urlTemplate\":\"https:\/\/almenrausch-berglern.de\/WordPress_02\/?s={search_term_string}\"},\"query-input\":{\"@type\":\"PropertyValueSpecification\",\"valueRequired\":true,\"valueName\":\"search_term_string\"}}],\"inLanguage\":\"de\"},{\"@type\":\"Person\",\"@id\":\"https:\/\/almenrausch-berglern.de\/WordPress_02\/#\/schema\/person\/afcf016c71e544dd07a246a131e0dc7c\",\"name\":\"willi\",\"image\":{\"@type\":\"ImageObject\",\"inLanguage\":\"de\",\"@id\":\"https:\/\/secure.gravatar.com\/avatar\/78d5815875c82d87f37eedb609f4c23e9e0832f1a15175689e420693042810d8?s=96&d=mm&r=g\",\"url\":\"https:\/\/secure.gravatar.com\/avatar\/78d5815875c82d87f37eedb609f4c23e9e0832f1a15175689e420693042810d8?s=96&d=mm&r=g\",\"contentUrl\":\"https:\/\/secure.gravatar.com\/avatar\/78d5815875c82d87f37eedb609f4c23e9e0832f1a15175689e420693042810d8?s=96&d=mm&r=g\",\"caption\":\"willi\"}}]}<\/script>\n<!-- \/ Yoast SEO plugin. -->","yoast_head_json":{"title":"Absage der Nikolausfeier - Geselchtes trotzdem verf\u00fcgbar - SG Almenrausch Berglern e.V.","robots":{"index":"index","follow":"follow","max-snippet":"max-snippet:-1","max-image-preview":"max-image-preview:large","max-video-preview":"max-video-preview:-1"},"canonical":"https:\/\/almenrausch-berglern.de\/WordPress_02\/absage-der-nikolausfeier-geselchtes-trotzdem-verfuegbar\/","og_locale":"de_DE","og_type":"article","og_title":"Absage der Nikolausfeier - Geselchtes trotzdem verf\u00fcgbar - SG Almenrausch Berglern e.V.","og_description":"Die Sch\u00fctzengesellschaft Almenrausch Berglern muss die f\u00fcr den 04.12.2021 geplante Nikolausfeier aufgrund der aktuell gegebenen Corona-Auflagen absagen. Das traditionell Ger\u00e4ucherte (Geselchtes) wird am 11.12.2021 gegen eine Spende ausgefahren. Die Bestellung ist bei Fam. Kressierer ab 06.12. bis 08.12.2021 von 15:00 &hellip; Hier weiterlesen ...","og_url":"https:\/\/almenrausch-berglern.de\/WordPress_02\/absage-der-nikolausfeier-geselchtes-trotzdem-verfuegbar\/","og_site_name":"SG Almenrausch Berglern e.V.","article_published_time":"2021-12-01T22:07:15+00:00","article_modified_time":"2021-12-03T16:14:59+00:00","author":"willi","twitter_card":"summary_large_image","twitter_misc":{"Verfasst von":"willi"},"schema":{"@context":"https:\/\/schema.org","@graph":[{"@type":"Article","@id":"https:\/\/almenrausch-berglern.de\/WordPress_02\/absage-der-nikolausfeier-geselchtes-trotzdem-verfuegbar\/#article","isPartOf":{"@id":"https:\/\/almenrausch-berglern.de\/WordPress_02\/absage-der-nikolausfeier-geselchtes-trotzdem-verfuegbar\/"},"author":{"name":"willi","@id":"https:\/\/almenrausch-berglern.de\/WordPress_02\/#\/schema\/person\/afcf016c71e544dd07a246a131e0dc7c"},"headline":"Absage der Nikolausfeier &#8211; Geselchtes trotzdem verf\u00fcgbar","datePublished":"2021-12-01T22:07:15+00:00","dateModified":"2021-12-03T16:14:59+00:00","mainEntityOfPage":{"@id":"https:\/\/almenrausch-berglern.de\/WordPress_02\/absage-der-nikolausfeier-geselchtes-trotzdem-verfuegbar\/"},"wordCount":63,"inLanguage":"de"},{"@type":"WebPage","@id":"https:\/\/almenrausch-berglern.de\/WordPress_02\/absage-der-nikolausfeier-geselchtes-trotzdem-verfuegbar\/","url":"https:\/\/almenrausch-berglern.de\/WordPress_02\/absage-der-nikolausfeier-geselchtes-trotzdem-verfuegbar\/","name":"Absage der Nikolausfeier - Geselchtes trotzdem verf\u00fcgbar - SG Almenrausch Berglern e.V.","isPartOf":{"@id":"https:\/\/almenrausch-berglern.de\/WordPress_02\/#website"},"datePublished":"2021-12-01T22:07:15+00:00","dateModified":"2021-12-03T16:14:59+00:00","author":{"@id":"https:\/\/almenrausch-berglern.de\/WordPress_02\/#\/schema\/person\/afcf016c71e544dd07a246a131e0dc7c"},"breadcrumb":{"@id":"https:\/\/almenrausch-berglern.de\/WordPress_02\/absage-der-nikolausfeier-geselchtes-trotzdem-verfuegbar\/#breadcrumb"},"inLanguage":"de","potentialAction":[{"@type":"ReadAction","target":["https:\/\/almenrausch-berglern.de\/WordPress_02\/absage-der-nikolausfeier-geselchtes-trotzdem-verfuegbar\/"]}]},{"@type":"BreadcrumbList","@id":"https:\/\/almenrausch-berglern.de\/WordPress_02\/absage-der-nikolausfeier-geselchtes-trotzdem-verfuegbar\/#breadcrumb","itemListElement":[{"@type":"ListItem","position":1,"name":"Startseite","item":"https:\/\/almenrausch-berglern.de\/WordPress_02\/"},{"@type":"ListItem","position":2,"name":"Absage der Nikolausfeier &#8211; Geselchtes trotzdem verf\u00fcgbar"}]},{"@type":"WebSite","@id":"https:\/\/almenrausch-berglern.de\/WordPress_02\/#website","url":"https:\/\/almenrausch-berglern.de\/WordPress_02\/","name":"SG Almenrausch Berglern e.V.","description":"","potentialAction":[{"@type":"SearchAction","target":{"@type":"EntryPoint","urlTemplate":"https:\/\/almenrausch-berglern.de\/WordPress_02\/?s={search_term_string}"},"query-input":{"@type":"PropertyValueSpecification","valueRequired":true,"valueName":"search_term_string"}}],"inLanguage":"de"},{"@type":"Person","@id":"https:\/\/almenrausch-berglern.de\/WordPress_02\/#\/schema\/person\/afcf016c71e544dd07a246a131e0dc7c","name":"willi","image":{"@type":"ImageObject","inLanguage":"de","@id":"https:\/\/secure.gravatar.com\/avatar\/78d5815875c82d87f37eedb609f4c23e9e0832f1a15175689e420693042810d8?s=96&d=mm&r=g","url":"https:\/\/secure.gravatar.com\/avatar\/78d5815875c82d87f37eedb609f4c23e9e0832f1a15175689e420693042810d8?s=96&d=mm&r=g","contentUrl":"https:\/\/secure.gravatar.com\/avatar\/78d5815875c82d87f37eedb609f4c23e9e0832f1a15175689e420693042810d8?s=96&d=mm&r=g","caption":"willi"}}]}},"views":431,"publishpress_future_action":{"enabled":false,"date":"2026-05-08 10:27:36","action":"change-status","newStatus":"draft","terms":[],"taxonomy":"category","extraData":[]},"publishpress_future_workflow_manual_trigger":{"enabledWorkflows":[]},"_links":{"self":[{"href":"https:\/\/almenrausch-berglern.de\/WordPress_02\/wp-json\/wp\/v2\/posts\/1864","targetHints":{"allow":["GET"]}}],"collection":[{"href":"https:\/\/almenrausch-berglern.de\/WordPress_02\/wp-json\/wp\/v2\/posts"}],"about":[{"href":"https:\/\/almenrausch-berglern.de\/WordPress_02\/wp-json\/wp\/v2\/types\/post"}],"author":[{"embeddable":true,"href":"https:\/\/almenrausch-berglern.de\/WordPress_02\/wp-json\/wp\/v2\/users\/1"}],"replies":[{"embeddable":true,"href":"https:\/\/almenrausch-berglern.de\/WordPress_02\/wp-json\/wp\/v2\/comments?post=1864"}],"version-history":[{"count":2,"href":"https:\/\/almenrausch-berglern.de\/WordPress_02\/wp-json\/wp\/v2\/posts\/1864\/revisions"}],"predecessor-version":[{"id":1866,"href":"https:\/\/almenrausch-berglern.de\/WordPress_02\/wp-json\/wp\/v2\/posts\/1864\/revisions\/1866"}],"wp:attachment":[{"href":"https:\/\/almenrausch-berglern.de\/WordPress_02\/wp-json\/wp\/v2\/media?parent=1864"}],"wp:term":[{"taxonomy":"category","embeddable":true,"href":"https:\/\/almenrausch-berglern.de\/WordPress_02\/wp-json\/wp\/v2\/categories?post=1864"},{"taxonomy":"post_tag","embeddable":true,"href":"https:\/\/almenrausch-berglern.de\/WordPress_02\/wp-json\/wp\/v2\/tags?post=1864"}],"curies":[{"name":"wp","href":"https:\/\/api.w.org\/{rel}","templated":true}]}}