{"id":1961,"date":"2022-10-07T23:10:38","date_gmt":"2022-10-07T23:10:38","guid":{"rendered":"https:\/\/almenrausch-berglern.de\/WordPress_02\/?p=1961"},"modified":"2022-10-14T16:30:17","modified_gmt":"2022-10-14T16:30:17","slug":"sektionsschiessen-der-sektion-gaden","status":"publish","type":"post","link":"https:\/\/almenrausch-berglern.de\/WordPress_02\/sektionsschiessen_2022\/","title":{"rendered":"Sektionsschiessen der Sektion Gaden"},"content":{"rendered":"<p>Die Sch\u00fctzengesellschaft Almenrausch Berglern ist der Ausrichter beim diesj\u00e4hrigen Sektionsschiessen.<\/p>\n<p>Das Sektionsschiessen findet im Sport- und Sch\u00fctzenheim in Berglern statt.<\/p>\n<p>Neben den Einzel- und Mannschaftswettbewerben wird auch wieder die Ludwig-Gumberger-Scheibe ausgeschossen.<\/p>\n<p>Eingeladen sind alle Sch\u00fctzinnen und Sch\u00fctzen der Sektion Gaden.<\/p>\n<p>Die Termine:<\/p>\n<p>Donnerstag, 13.10.2022 von 18:00 bis 22:00 Uhr<br \/>\nFreitag, 14.10.2022 von 17:00 bis 22:00 Uhr<br \/>\nSamstag, 15.10.2022 von 16:00 bis 22:00 Uhr<br \/>\nSonntag, 16.10.2022 von 15:00 bis 20:00 Uhr<\/p>\n<p>Wir Freuen uns auf Eure rege Teilnahme.<\/p>\n<p>Die Vorstandschaft Almenrausch Berglern<\/p>\n","protected":false},"excerpt":{"rendered":"<p>Die Sch\u00fctzengesellschaft Almenrausch Berglern ist der Ausrichter beim diesj\u00e4hrigen Sektionsschiessen. Das Sektionsschiessen findet im Sport- und Sch\u00fctzenheim in Berglern statt. Neben den Einzel- und Mannschaftswettbewerben wird auch wieder die Ludwig-Gumberger-Scheibe ausgeschossen. Eingeladen sind alle Sch\u00fctzinnen und Sch\u00fctzen der Sektion Gaden. <span class=\"excerpt-dots\">&hellip;<\/span> <a class=\"more-link\" href=\"https:\/\/almenrausch-berglern.de\/WordPress_02\/sektionsschiessen_2022\/\"><span class=\"more-msg\">Hier weiterlesen &#8230;<\/span><\/a><\/p>\n","protected":false},"author":1,"featured_media":1099,"comment_status":"closed","ping_status":"closed","sticky":false,"template":"","format":"standard","meta":{"ngg_post_thumbnail":0,"footnotes":""},"categories":[1,5,10],"tags":[],"class_list":["post-1961","post","type-post","status-publish","format-standard","has-post-thumbnail","hentry","category-allgemein","category-sport","category-vereinsschiessen"],"yoast_head":"<!-- This site is optimized with the Yoast SEO plugin v27.2 - https:\/\/yoast.com\/product\/yoast-seo-wordpress\/ -->\n<title>Sektionsschiessen der Sektion Gaden - SG Almenrausch Berglern e.V.<\/title>\n<meta name=\"robots\" content=\"index, follow, max-snippet:-1, max-image-preview:large, max-video-preview:-1\" \/>\n<link rel=\"canonical\" href=\"https:\/\/almenrausch-berglern.de\/WordPress_02\/sektionsschiessen_2022\/\" \/>\n<meta property=\"og:locale\" content=\"de_DE\" \/>\n<meta property=\"og:type\" content=\"article\" \/>\n<meta property=\"og:title\" content=\"Sektionsschiessen der Sektion Gaden - SG Almenrausch Berglern e.V.\" \/>\n<meta property=\"og:description\" content=\"Die Sch\u00fctzengesellschaft Almenrausch Berglern ist der Ausrichter beim diesj\u00e4hrigen Sektionsschiessen. Das Sektionsschiessen findet im Sport- und Sch\u00fctzenheim in Berglern statt. Neben den Einzel- und Mannschaftswettbewerben wird auch wieder die Ludwig-Gumberger-Scheibe ausgeschossen. Eingeladen sind alle Sch\u00fctzinnen und Sch\u00fctzen der Sektion Gaden. &hellip; Hier weiterlesen ...\" \/>\n<meta property=\"og:url\" content=\"https:\/\/almenrausch-berglern.de\/WordPress_02\/sektionsschiessen_2022\/\" \/>\n<meta property=\"og:site_name\" content=\"SG Almenrausch Berglern e.V.\" \/>\n<meta property=\"article:published_time\" content=\"2022-10-07T23:10:38+00:00\" \/>\n<meta property=\"article:modified_time\" content=\"2022-10-14T16:30:17+00:00\" \/>\n<meta property=\"og:image\" content=\"https:\/\/almenrausch-berglern.de\/WordPress_02\/wp-content\/uploads\/2018\/10\/alb_standanzeige_20180921.jpg\" \/>\n\t<meta property=\"og:image:width\" content=\"358\" \/>\n\t<meta property=\"og:image:height\" content=\"420\" \/>\n\t<meta property=\"og:image:type\" content=\"image\/jpeg\" \/>\n<meta name=\"author\" content=\"willi\" \/>\n<meta name=\"twitter:card\" content=\"summary_large_image\" \/>\n<meta name=\"twitter:label1\" content=\"Verfasst von\" \/>\n\t<meta name=\"twitter:data1\" content=\"willi\" \/>\n\t<meta name=\"twitter:label2\" content=\"Gesch\u00e4tzte Lesezeit\" \/>\n\t<meta name=\"twitter:data2\" content=\"1\u00a0Minute\" \/>\n<script type=\"application\/ld+json\" class=\"yoast-schema-graph\">{\"@context\":\"https:\/\/schema.org\",\"@graph\":[{\"@type\":\"Article\",\"@id\":\"https:\/\/almenrausch-berglern.de\/WordPress_02\/sektionsschiessen_2022\/#article\",\"isPartOf\":{\"@id\":\"https:\/\/almenrausch-berglern.de\/WordPress_02\/sektionsschiessen_2022\/\"},\"author\":{\"name\":\"willi\",\"@id\":\"https:\/\/almenrausch-berglern.de\/WordPress_02\/#\/schema\/person\/afcf016c71e544dd07a246a131e0dc7c\"},\"headline\":\"Sektionsschiessen der Sektion Gaden\",\"datePublished\":\"2022-10-07T23:10:38+00:00\",\"dateModified\":\"2022-10-14T16:30:17+00:00\",\"mainEntityOfPage\":{\"@id\":\"https:\/\/almenrausch-berglern.de\/WordPress_02\/sektionsschiessen_2022\/\"},\"wordCount\":78,\"image\":{\"@id\":\"https:\/\/almenrausch-berglern.de\/WordPress_02\/sektionsschiessen_2022\/#primaryimage\"},\"thumbnailUrl\":\"https:\/\/almenrausch-berglern.de\/WordPress_02\/wp-content\/uploads\/2018\/10\/alb_standanzeige_20180921.jpg\",\"articleSection\":{\"1\":\"Sport\",\"2\":\"Vereinsschiessen\"},\"inLanguage\":\"de\"},{\"@type\":\"WebPage\",\"@id\":\"https:\/\/almenrausch-berglern.de\/WordPress_02\/sektionsschiessen_2022\/\",\"url\":\"https:\/\/almenrausch-berglern.de\/WordPress_02\/sektionsschiessen_2022\/\",\"name\":\"Sektionsschiessen der Sektion Gaden - SG Almenrausch Berglern e.V.\",\"isPartOf\":{\"@id\":\"https:\/\/almenrausch-berglern.de\/WordPress_02\/#website\"},\"primaryImageOfPage\":{\"@id\":\"https:\/\/almenrausch-berglern.de\/WordPress_02\/sektionsschiessen_2022\/#primaryimage\"},\"image\":{\"@id\":\"https:\/\/almenrausch-berglern.de\/WordPress_02\/sektionsschiessen_2022\/#primaryimage\"},\"thumbnailUrl\":\"https:\/\/almenrausch-berglern.de\/WordPress_02\/wp-content\/uploads\/2018\/10\/alb_standanzeige_20180921.jpg\",\"datePublished\":\"2022-10-07T23:10:38+00:00\",\"dateModified\":\"2022-10-14T16:30:17+00:00\",\"author\":{\"@id\":\"https:\/\/almenrausch-berglern.de\/WordPress_02\/#\/schema\/person\/afcf016c71e544dd07a246a131e0dc7c\"},\"breadcrumb\":{\"@id\":\"https:\/\/almenrausch-berglern.de\/WordPress_02\/sektionsschiessen_2022\/#breadcrumb\"},\"inLanguage\":\"de\",\"potentialAction\":[{\"@type\":\"ReadAction\",\"target\":[\"https:\/\/almenrausch-berglern.de\/WordPress_02\/sektionsschiessen_2022\/\"]}]},{\"@type\":\"ImageObject\",\"inLanguage\":\"de\",\"@id\":\"https:\/\/almenrausch-berglern.de\/WordPress_02\/sektionsschiessen_2022\/#primaryimage\",\"url\":\"https:\/\/almenrausch-berglern.de\/WordPress_02\/wp-content\/uploads\/2018\/10\/alb_standanzeige_20180921.jpg\",\"contentUrl\":\"https:\/\/almenrausch-berglern.de\/WordPress_02\/wp-content\/uploads\/2018\/10\/alb_standanzeige_20180921.jpg\",\"width\":358,\"height\":420},{\"@type\":\"BreadcrumbList\",\"@id\":\"https:\/\/almenrausch-berglern.de\/WordPress_02\/sektionsschiessen_2022\/#breadcrumb\",\"itemListElement\":[{\"@type\":\"ListItem\",\"position\":1,\"name\":\"Startseite\",\"item\":\"https:\/\/almenrausch-berglern.de\/WordPress_02\/\"},{\"@type\":\"ListItem\",\"position\":2,\"name\":\"Sektionsschiessen der Sektion Gaden\"}]},{\"@type\":\"WebSite\",\"@id\":\"https:\/\/almenrausch-berglern.de\/WordPress_02\/#website\",\"url\":\"https:\/\/almenrausch-berglern.de\/WordPress_02\/\",\"name\":\"SG Almenrausch Berglern e.V.\",\"description\":\"\",\"potentialAction\":[{\"@type\":\"SearchAction\",\"target\":{\"@type\":\"EntryPoint\",\"urlTemplate\":\"https:\/\/almenrausch-berglern.de\/WordPress_02\/?s={search_term_string}\"},\"query-input\":{\"@type\":\"PropertyValueSpecification\",\"valueRequired\":true,\"valueName\":\"search_term_string\"}}],\"inLanguage\":\"de\"},{\"@type\":\"Person\",\"@id\":\"https:\/\/almenrausch-berglern.de\/WordPress_02\/#\/schema\/person\/afcf016c71e544dd07a246a131e0dc7c\",\"name\":\"willi\",\"image\":{\"@type\":\"ImageObject\",\"inLanguage\":\"de\",\"@id\":\"https:\/\/secure.gravatar.com\/avatar\/78d5815875c82d87f37eedb609f4c23e9e0832f1a15175689e420693042810d8?s=96&d=mm&r=g\",\"url\":\"https:\/\/secure.gravatar.com\/avatar\/78d5815875c82d87f37eedb609f4c23e9e0832f1a15175689e420693042810d8?s=96&d=mm&r=g\",\"contentUrl\":\"https:\/\/secure.gravatar.com\/avatar\/78d5815875c82d87f37eedb609f4c23e9e0832f1a15175689e420693042810d8?s=96&d=mm&r=g\",\"caption\":\"willi\"}}]}<\/script>\n<!-- \/ Yoast SEO plugin. -->","yoast_head_json":{"title":"Sektionsschiessen der Sektion Gaden - SG Almenrausch Berglern e.V.","robots":{"index":"index","follow":"follow","max-snippet":"max-snippet:-1","max-image-preview":"max-image-preview:large","max-video-preview":"max-video-preview:-1"},"canonical":"https:\/\/almenrausch-berglern.de\/WordPress_02\/sektionsschiessen_2022\/","og_locale":"de_DE","og_type":"article","og_title":"Sektionsschiessen der Sektion Gaden - SG Almenrausch Berglern e.V.","og_description":"Die Sch\u00fctzengesellschaft Almenrausch Berglern ist der Ausrichter beim diesj\u00e4hrigen Sektionsschiessen. Das Sektionsschiessen findet im Sport- und Sch\u00fctzenheim in Berglern statt. Neben den Einzel- und Mannschaftswettbewerben wird auch wieder die Ludwig-Gumberger-Scheibe ausgeschossen. Eingeladen sind alle Sch\u00fctzinnen und Sch\u00fctzen der Sektion Gaden. &hellip; Hier weiterlesen ...","og_url":"https:\/\/almenrausch-berglern.de\/WordPress_02\/sektionsschiessen_2022\/","og_site_name":"SG Almenrausch Berglern e.V.","article_published_time":"2022-10-07T23:10:38+00:00","article_modified_time":"2022-10-14T16:30:17+00:00","og_image":[{"width":358,"height":420,"url":"https:\/\/almenrausch-berglern.de\/WordPress_02\/wp-content\/uploads\/2018\/10\/alb_standanzeige_20180921.jpg","type":"image\/jpeg"}],"author":"willi","twitter_card":"summary_large_image","twitter_misc":{"Verfasst von":"willi","Gesch\u00e4tzte Lesezeit":"1\u00a0Minute"},"schema":{"@context":"https:\/\/schema.org","@graph":[{"@type":"Article","@id":"https:\/\/almenrausch-berglern.de\/WordPress_02\/sektionsschiessen_2022\/#article","isPartOf":{"@id":"https:\/\/almenrausch-berglern.de\/WordPress_02\/sektionsschiessen_2022\/"},"author":{"name":"willi","@id":"https:\/\/almenrausch-berglern.de\/WordPress_02\/#\/schema\/person\/afcf016c71e544dd07a246a131e0dc7c"},"headline":"Sektionsschiessen der Sektion Gaden","datePublished":"2022-10-07T23:10:38+00:00","dateModified":"2022-10-14T16:30:17+00:00","mainEntityOfPage":{"@id":"https:\/\/almenrausch-berglern.de\/WordPress_02\/sektionsschiessen_2022\/"},"wordCount":78,"image":{"@id":"https:\/\/almenrausch-berglern.de\/WordPress_02\/sektionsschiessen_2022\/#primaryimage"},"thumbnailUrl":"https:\/\/almenrausch-berglern.de\/WordPress_02\/wp-content\/uploads\/2018\/10\/alb_standanzeige_20180921.jpg","articleSection":{"1":"Sport","2":"Vereinsschiessen"},"inLanguage":"de"},{"@type":"WebPage","@id":"https:\/\/almenrausch-berglern.de\/WordPress_02\/sektionsschiessen_2022\/","url":"https:\/\/almenrausch-berglern.de\/WordPress_02\/sektionsschiessen_2022\/","name":"Sektionsschiessen der Sektion Gaden - SG Almenrausch Berglern e.V.","isPartOf":{"@id":"https:\/\/almenrausch-berglern.de\/WordPress_02\/#website"},"primaryImageOfPage":{"@id":"https:\/\/almenrausch-berglern.de\/WordPress_02\/sektionsschiessen_2022\/#primaryimage"},"image":{"@id":"https:\/\/almenrausch-berglern.de\/WordPress_02\/sektionsschiessen_2022\/#primaryimage"},"thumbnailUrl":"https:\/\/almenrausch-berglern.de\/WordPress_02\/wp-content\/uploads\/2018\/10\/alb_standanzeige_20180921.jpg","datePublished":"2022-10-07T23:10:38+00:00","dateModified":"2022-10-14T16:30:17+00:00","author":{"@id":"https:\/\/almenrausch-berglern.de\/WordPress_02\/#\/schema\/person\/afcf016c71e544dd07a246a131e0dc7c"},"breadcrumb":{"@id":"https:\/\/almenrausch-berglern.de\/WordPress_02\/sektionsschiessen_2022\/#breadcrumb"},"inLanguage":"de","potentialAction":[{"@type":"ReadAction","target":["https:\/\/almenrausch-berglern.de\/WordPress_02\/sektionsschiessen_2022\/"]}]},{"@type":"ImageObject","inLanguage":"de","@id":"https:\/\/almenrausch-berglern.de\/WordPress_02\/sektionsschiessen_2022\/#primaryimage","url":"https:\/\/almenrausch-berglern.de\/WordPress_02\/wp-content\/uploads\/2018\/10\/alb_standanzeige_20180921.jpg","contentUrl":"https:\/\/almenrausch-berglern.de\/WordPress_02\/wp-content\/uploads\/2018\/10\/alb_standanzeige_20180921.jpg","width":358,"height":420},{"@type":"BreadcrumbList","@id":"https:\/\/almenrausch-berglern.de\/WordPress_02\/sektionsschiessen_2022\/#breadcrumb","itemListElement":[{"@type":"ListItem","position":1,"name":"Startseite","item":"https:\/\/almenrausch-berglern.de\/WordPress_02\/"},{"@type":"ListItem","position":2,"name":"Sektionsschiessen der Sektion Gaden"}]},{"@type":"WebSite","@id":"https:\/\/almenrausch-berglern.de\/WordPress_02\/#website","url":"https:\/\/almenrausch-berglern.de\/WordPress_02\/","name":"SG Almenrausch Berglern e.V.","description":"","potentialAction":[{"@type":"SearchAction","target":{"@type":"EntryPoint","urlTemplate":"https:\/\/almenrausch-berglern.de\/WordPress_02\/?s={search_term_string}"},"query-input":{"@type":"PropertyValueSpecification","valueRequired":true,"valueName":"search_term_string"}}],"inLanguage":"de"},{"@type":"Person","@id":"https:\/\/almenrausch-berglern.de\/WordPress_02\/#\/schema\/person\/afcf016c71e544dd07a246a131e0dc7c","name":"willi","image":{"@type":"ImageObject","inLanguage":"de","@id":"https:\/\/secure.gravatar.com\/avatar\/78d5815875c82d87f37eedb609f4c23e9e0832f1a15175689e420693042810d8?s=96&d=mm&r=g","url":"https:\/\/secure.gravatar.com\/avatar\/78d5815875c82d87f37eedb609f4c23e9e0832f1a15175689e420693042810d8?s=96&d=mm&r=g","contentUrl":"https:\/\/secure.gravatar.com\/avatar\/78d5815875c82d87f37eedb609f4c23e9e0832f1a15175689e420693042810d8?s=96&d=mm&r=g","caption":"willi"}}]}},"views":952,"publishpress_future_action":{"enabled":false,"date":"2026-05-07 05:12:22","action":"change-status","newStatus":"draft","terms":[],"taxonomy":"category","extraData":[]},"publishpress_future_workflow_manual_trigger":{"enabledWorkflows":[]},"_links":{"self":[{"href":"https:\/\/almenrausch-berglern.de\/WordPress_02\/wp-json\/wp\/v2\/posts\/1961","targetHints":{"allow":["GET"]}}],"collection":[{"href":"https:\/\/almenrausch-berglern.de\/WordPress_02\/wp-json\/wp\/v2\/posts"}],"about":[{"href":"https:\/\/almenrausch-berglern.de\/WordPress_02\/wp-json\/wp\/v2\/types\/post"}],"author":[{"embeddable":true,"href":"https:\/\/almenrausch-berglern.de\/WordPress_02\/wp-json\/wp\/v2\/users\/1"}],"replies":[{"embeddable":true,"href":"https:\/\/almenrausch-berglern.de\/WordPress_02\/wp-json\/wp\/v2\/comments?post=1961"}],"version-history":[{"count":36,"href":"https:\/\/almenrausch-berglern.de\/WordPress_02\/wp-json\/wp\/v2\/posts\/1961\/revisions"}],"predecessor-version":[{"id":2006,"href":"https:\/\/almenrausch-berglern.de\/WordPress_02\/wp-json\/wp\/v2\/posts\/1961\/revisions\/2006"}],"wp:featuredmedia":[{"embeddable":true,"href":"https:\/\/almenrausch-berglern.de\/WordPress_02\/wp-json\/wp\/v2\/media\/1099"}],"wp:attachment":[{"href":"https:\/\/almenrausch-berglern.de\/WordPress_02\/wp-json\/wp\/v2\/media?parent=1961"}],"wp:term":[{"taxonomy":"category","embeddable":true,"href":"https:\/\/almenrausch-berglern.de\/WordPress_02\/wp-json\/wp\/v2\/categories?post=1961"},{"taxonomy":"post_tag","embeddable":true,"href":"https:\/\/almenrausch-berglern.de\/WordPress_02\/wp-json\/wp\/v2\/tags?post=1961"}],"curies":[{"name":"wp","href":"https:\/\/api.w.org\/{rel}","templated":true}]}}