{"id":2124,"date":"2023-10-10T15:01:25","date_gmt":"2023-10-10T15:01:25","guid":{"rendered":"https:\/\/almenrausch-berglern.de\/WordPress_02\/?p=2124"},"modified":"2023-10-10T15:04:13","modified_gmt":"2023-10-10T15:04:13","slug":"sektionsschiessen-2023-der-sektion-gaden","status":"publish","type":"post","link":"https:\/\/almenrausch-berglern.de\/WordPress_02\/sektionsschiessen-2023\/","title":{"rendered":"Sektionsschiessen 2023 der Sektion Gaden"},"content":{"rendered":"<p>Das Sektionsschiessen 2023 wird durch die Sch\u00fctzenlust Concordia Eitting im Sch\u00fctzenheim in der Berglerner Str. 14, Eitting ausgerichtet.<\/p>\n<p>Zum Sektionsschiessen eingeladen sind alle Sch\u00fctzinnen und Sch\u00fctzen der Sektion Gaden. <!--more--><\/p>\n<p>Die Termine:<\/p>\n<p>Donnerstag, 26.10.2023 von 18:00 bis 22:00 Uhr<br \/>\nFreitag, 27.10.2023 von 17:00 bis 22:00 Uhr<br \/>\nSamstag, 28.10.2023 von 16:00 bis 22:00 Uhr<br \/>\nSonntag, 29.10.2023 von 15:00 bis 20:00 Uhr<\/p>\n<p>Die Preisverleihung findet am Freitag, 10.11.2023, 19:30 im Saal des Eittinger Fischerbr\u00e4u statt.&nbsp;<\/p>\n<p>Wir Freuen uns auf Eure zahlreiche Teilnahme als Almenrausch-Sch\u00fctzen.<\/p>\n<p>Die Vorstandschaft Almenrausch Berglern<\/p>\n","protected":false},"excerpt":{"rendered":"<p>Das Sektionsschiessen 2023 wird durch die Sch\u00fctzenlust Concordia Eitting im Sch\u00fctzenheim in der Berglerner Str. 14, Eitting ausgerichtet. Zum Sektionsschiessen eingeladen sind alle Sch\u00fctzinnen und Sch\u00fctzen der Sektion Gaden.<\/p>\n <a class=\"more-link\" href=\"https:\/\/almenrausch-berglern.de\/WordPress_02\/sektionsschiessen-2023\/\"><span class=\"more-msg\">Hier weiterlesen ...<\/span><\/a>","protected":false},"author":1,"featured_media":1099,"comment_status":"closed","ping_status":"closed","sticky":false,"template":"","format":"standard","meta":{"ngg_post_thumbnail":0,"footnotes":""},"categories":[1,5,10],"tags":[],"class_list":["post-2124","post","type-post","status-publish","format-standard","has-post-thumbnail","hentry","category-allgemein","category-sport","category-vereinsschiessen"],"yoast_head":"<!-- This site is optimized with the Yoast SEO plugin v27.2 - https:\/\/yoast.com\/product\/yoast-seo-wordpress\/ -->\n<title>Sektionsschiessen 2023 der Sektion Gaden - SG Almenrausch Berglern e.V.<\/title>\n<meta name=\"robots\" content=\"index, follow, max-snippet:-1, max-image-preview:large, max-video-preview:-1\" \/>\n<link rel=\"canonical\" href=\"https:\/\/almenrausch-berglern.de\/WordPress_02\/sektionsschiessen-2023\/\" \/>\n<meta property=\"og:locale\" content=\"de_DE\" \/>\n<meta property=\"og:type\" content=\"article\" \/>\n<meta property=\"og:title\" content=\"Sektionsschiessen 2023 der Sektion Gaden - SG Almenrausch Berglern e.V.\" \/>\n<meta property=\"og:description\" content=\"Das Sektionsschiessen 2023 wird durch die Sch\u00fctzenlust Concordia Eitting im Sch\u00fctzenheim in der Berglerner Str. 14, Eitting ausgerichtet. Zum Sektionsschiessen eingeladen sind alle Sch\u00fctzinnen und Sch\u00fctzen der Sektion Gaden.\" \/>\n<meta property=\"og:url\" content=\"https:\/\/almenrausch-berglern.de\/WordPress_02\/sektionsschiessen-2023\/\" \/>\n<meta property=\"og:site_name\" content=\"SG Almenrausch Berglern e.V.\" \/>\n<meta property=\"article:published_time\" content=\"2023-10-10T15:01:25+00:00\" \/>\n<meta property=\"article:modified_time\" content=\"2023-10-10T15:04:13+00:00\" \/>\n<meta property=\"og:image\" content=\"https:\/\/almenrausch-berglern.de\/WordPress_02\/wp-content\/uploads\/2018\/10\/alb_standanzeige_20180921.jpg\" \/>\n\t<meta property=\"og:image:width\" content=\"358\" \/>\n\t<meta property=\"og:image:height\" content=\"420\" \/>\n\t<meta property=\"og:image:type\" content=\"image\/jpeg\" \/>\n<meta name=\"author\" content=\"willi\" \/>\n<meta name=\"twitter:card\" content=\"summary_large_image\" \/>\n<meta name=\"twitter:label1\" content=\"Verfasst von\" \/>\n\t<meta name=\"twitter:data1\" content=\"willi\" \/>\n\t<meta name=\"twitter:label2\" content=\"Gesch\u00e4tzte Lesezeit\" \/>\n\t<meta name=\"twitter:data2\" content=\"1\u00a0Minute\" \/>\n<script type=\"application\/ld+json\" class=\"yoast-schema-graph\">{\"@context\":\"https:\/\/schema.org\",\"@graph\":[{\"@type\":\"Article\",\"@id\":\"https:\/\/almenrausch-berglern.de\/WordPress_02\/sektionsschiessen-2023\/#article\",\"isPartOf\":{\"@id\":\"https:\/\/almenrausch-berglern.de\/WordPress_02\/sektionsschiessen-2023\/\"},\"author\":{\"name\":\"willi\",\"@id\":\"https:\/\/almenrausch-berglern.de\/WordPress_02\/#\/schema\/person\/afcf016c71e544dd07a246a131e0dc7c\"},\"headline\":\"Sektionsschiessen 2023 der Sektion Gaden\",\"datePublished\":\"2023-10-10T15:01:25+00:00\",\"dateModified\":\"2023-10-10T15:04:13+00:00\",\"mainEntityOfPage\":{\"@id\":\"https:\/\/almenrausch-berglern.de\/WordPress_02\/sektionsschiessen-2023\/\"},\"wordCount\":80,\"image\":{\"@id\":\"https:\/\/almenrausch-berglern.de\/WordPress_02\/sektionsschiessen-2023\/#primaryimage\"},\"thumbnailUrl\":\"https:\/\/almenrausch-berglern.de\/WordPress_02\/wp-content\/uploads\/2018\/10\/alb_standanzeige_20180921.jpg\",\"articleSection\":{\"1\":\"Sport\",\"2\":\"Vereinsschiessen\"},\"inLanguage\":\"de\"},{\"@type\":\"WebPage\",\"@id\":\"https:\/\/almenrausch-berglern.de\/WordPress_02\/sektionsschiessen-2023\/\",\"url\":\"https:\/\/almenrausch-berglern.de\/WordPress_02\/sektionsschiessen-2023\/\",\"name\":\"Sektionsschiessen 2023 der Sektion Gaden - SG Almenrausch Berglern e.V.\",\"isPartOf\":{\"@id\":\"https:\/\/almenrausch-berglern.de\/WordPress_02\/#website\"},\"primaryImageOfPage\":{\"@id\":\"https:\/\/almenrausch-berglern.de\/WordPress_02\/sektionsschiessen-2023\/#primaryimage\"},\"image\":{\"@id\":\"https:\/\/almenrausch-berglern.de\/WordPress_02\/sektionsschiessen-2023\/#primaryimage\"},\"thumbnailUrl\":\"https:\/\/almenrausch-berglern.de\/WordPress_02\/wp-content\/uploads\/2018\/10\/alb_standanzeige_20180921.jpg\",\"datePublished\":\"2023-10-10T15:01:25+00:00\",\"dateModified\":\"2023-10-10T15:04:13+00:00\",\"author\":{\"@id\":\"https:\/\/almenrausch-berglern.de\/WordPress_02\/#\/schema\/person\/afcf016c71e544dd07a246a131e0dc7c\"},\"breadcrumb\":{\"@id\":\"https:\/\/almenrausch-berglern.de\/WordPress_02\/sektionsschiessen-2023\/#breadcrumb\"},\"inLanguage\":\"de\",\"potentialAction\":[{\"@type\":\"ReadAction\",\"target\":[\"https:\/\/almenrausch-berglern.de\/WordPress_02\/sektionsschiessen-2023\/\"]}]},{\"@type\":\"ImageObject\",\"inLanguage\":\"de\",\"@id\":\"https:\/\/almenrausch-berglern.de\/WordPress_02\/sektionsschiessen-2023\/#primaryimage\",\"url\":\"https:\/\/almenrausch-berglern.de\/WordPress_02\/wp-content\/uploads\/2018\/10\/alb_standanzeige_20180921.jpg\",\"contentUrl\":\"https:\/\/almenrausch-berglern.de\/WordPress_02\/wp-content\/uploads\/2018\/10\/alb_standanzeige_20180921.jpg\",\"width\":358,\"height\":420},{\"@type\":\"BreadcrumbList\",\"@id\":\"https:\/\/almenrausch-berglern.de\/WordPress_02\/sektionsschiessen-2023\/#breadcrumb\",\"itemListElement\":[{\"@type\":\"ListItem\",\"position\":1,\"name\":\"Startseite\",\"item\":\"https:\/\/almenrausch-berglern.de\/WordPress_02\/\"},{\"@type\":\"ListItem\",\"position\":2,\"name\":\"Sektionsschiessen 2023 der Sektion Gaden\"}]},{\"@type\":\"WebSite\",\"@id\":\"https:\/\/almenrausch-berglern.de\/WordPress_02\/#website\",\"url\":\"https:\/\/almenrausch-berglern.de\/WordPress_02\/\",\"name\":\"SG Almenrausch Berglern e.V.\",\"description\":\"\",\"potentialAction\":[{\"@type\":\"SearchAction\",\"target\":{\"@type\":\"EntryPoint\",\"urlTemplate\":\"https:\/\/almenrausch-berglern.de\/WordPress_02\/?s={search_term_string}\"},\"query-input\":{\"@type\":\"PropertyValueSpecification\",\"valueRequired\":true,\"valueName\":\"search_term_string\"}}],\"inLanguage\":\"de\"},{\"@type\":\"Person\",\"@id\":\"https:\/\/almenrausch-berglern.de\/WordPress_02\/#\/schema\/person\/afcf016c71e544dd07a246a131e0dc7c\",\"name\":\"willi\",\"image\":{\"@type\":\"ImageObject\",\"inLanguage\":\"de\",\"@id\":\"https:\/\/secure.gravatar.com\/avatar\/78d5815875c82d87f37eedb609f4c23e9e0832f1a15175689e420693042810d8?s=96&d=mm&r=g\",\"url\":\"https:\/\/secure.gravatar.com\/avatar\/78d5815875c82d87f37eedb609f4c23e9e0832f1a15175689e420693042810d8?s=96&d=mm&r=g\",\"contentUrl\":\"https:\/\/secure.gravatar.com\/avatar\/78d5815875c82d87f37eedb609f4c23e9e0832f1a15175689e420693042810d8?s=96&d=mm&r=g\",\"caption\":\"willi\"}}]}<\/script>\n<!-- \/ Yoast SEO plugin. -->","yoast_head_json":{"title":"Sektionsschiessen 2023 der Sektion Gaden - SG Almenrausch Berglern e.V.","robots":{"index":"index","follow":"follow","max-snippet":"max-snippet:-1","max-image-preview":"max-image-preview:large","max-video-preview":"max-video-preview:-1"},"canonical":"https:\/\/almenrausch-berglern.de\/WordPress_02\/sektionsschiessen-2023\/","og_locale":"de_DE","og_type":"article","og_title":"Sektionsschiessen 2023 der Sektion Gaden - SG Almenrausch Berglern e.V.","og_description":"Das Sektionsschiessen 2023 wird durch die Sch\u00fctzenlust Concordia Eitting im Sch\u00fctzenheim in der Berglerner Str. 14, Eitting ausgerichtet. Zum Sektionsschiessen eingeladen sind alle Sch\u00fctzinnen und Sch\u00fctzen der Sektion Gaden.","og_url":"https:\/\/almenrausch-berglern.de\/WordPress_02\/sektionsschiessen-2023\/","og_site_name":"SG Almenrausch Berglern e.V.","article_published_time":"2023-10-10T15:01:25+00:00","article_modified_time":"2023-10-10T15:04:13+00:00","og_image":[{"width":358,"height":420,"url":"https:\/\/almenrausch-berglern.de\/WordPress_02\/wp-content\/uploads\/2018\/10\/alb_standanzeige_20180921.jpg","type":"image\/jpeg"}],"author":"willi","twitter_card":"summary_large_image","twitter_misc":{"Verfasst von":"willi","Gesch\u00e4tzte Lesezeit":"1\u00a0Minute"},"schema":{"@context":"https:\/\/schema.org","@graph":[{"@type":"Article","@id":"https:\/\/almenrausch-berglern.de\/WordPress_02\/sektionsschiessen-2023\/#article","isPartOf":{"@id":"https:\/\/almenrausch-berglern.de\/WordPress_02\/sektionsschiessen-2023\/"},"author":{"name":"willi","@id":"https:\/\/almenrausch-berglern.de\/WordPress_02\/#\/schema\/person\/afcf016c71e544dd07a246a131e0dc7c"},"headline":"Sektionsschiessen 2023 der Sektion Gaden","datePublished":"2023-10-10T15:01:25+00:00","dateModified":"2023-10-10T15:04:13+00:00","mainEntityOfPage":{"@id":"https:\/\/almenrausch-berglern.de\/WordPress_02\/sektionsschiessen-2023\/"},"wordCount":80,"image":{"@id":"https:\/\/almenrausch-berglern.de\/WordPress_02\/sektionsschiessen-2023\/#primaryimage"},"thumbnailUrl":"https:\/\/almenrausch-berglern.de\/WordPress_02\/wp-content\/uploads\/2018\/10\/alb_standanzeige_20180921.jpg","articleSection":{"1":"Sport","2":"Vereinsschiessen"},"inLanguage":"de"},{"@type":"WebPage","@id":"https:\/\/almenrausch-berglern.de\/WordPress_02\/sektionsschiessen-2023\/","url":"https:\/\/almenrausch-berglern.de\/WordPress_02\/sektionsschiessen-2023\/","name":"Sektionsschiessen 2023 der Sektion Gaden - SG Almenrausch Berglern e.V.","isPartOf":{"@id":"https:\/\/almenrausch-berglern.de\/WordPress_02\/#website"},"primaryImageOfPage":{"@id":"https:\/\/almenrausch-berglern.de\/WordPress_02\/sektionsschiessen-2023\/#primaryimage"},"image":{"@id":"https:\/\/almenrausch-berglern.de\/WordPress_02\/sektionsschiessen-2023\/#primaryimage"},"thumbnailUrl":"https:\/\/almenrausch-berglern.de\/WordPress_02\/wp-content\/uploads\/2018\/10\/alb_standanzeige_20180921.jpg","datePublished":"2023-10-10T15:01:25+00:00","dateModified":"2023-10-10T15:04:13+00:00","author":{"@id":"https:\/\/almenrausch-berglern.de\/WordPress_02\/#\/schema\/person\/afcf016c71e544dd07a246a131e0dc7c"},"breadcrumb":{"@id":"https:\/\/almenrausch-berglern.de\/WordPress_02\/sektionsschiessen-2023\/#breadcrumb"},"inLanguage":"de","potentialAction":[{"@type":"ReadAction","target":["https:\/\/almenrausch-berglern.de\/WordPress_02\/sektionsschiessen-2023\/"]}]},{"@type":"ImageObject","inLanguage":"de","@id":"https:\/\/almenrausch-berglern.de\/WordPress_02\/sektionsschiessen-2023\/#primaryimage","url":"https:\/\/almenrausch-berglern.de\/WordPress_02\/wp-content\/uploads\/2018\/10\/alb_standanzeige_20180921.jpg","contentUrl":"https:\/\/almenrausch-berglern.de\/WordPress_02\/wp-content\/uploads\/2018\/10\/alb_standanzeige_20180921.jpg","width":358,"height":420},{"@type":"BreadcrumbList","@id":"https:\/\/almenrausch-berglern.de\/WordPress_02\/sektionsschiessen-2023\/#breadcrumb","itemListElement":[{"@type":"ListItem","position":1,"name":"Startseite","item":"https:\/\/almenrausch-berglern.de\/WordPress_02\/"},{"@type":"ListItem","position":2,"name":"Sektionsschiessen 2023 der Sektion Gaden"}]},{"@type":"WebSite","@id":"https:\/\/almenrausch-berglern.de\/WordPress_02\/#website","url":"https:\/\/almenrausch-berglern.de\/WordPress_02\/","name":"SG Almenrausch Berglern e.V.","description":"","potentialAction":[{"@type":"SearchAction","target":{"@type":"EntryPoint","urlTemplate":"https:\/\/almenrausch-berglern.de\/WordPress_02\/?s={search_term_string}"},"query-input":{"@type":"PropertyValueSpecification","valueRequired":true,"valueName":"search_term_string"}}],"inLanguage":"de"},{"@type":"Person","@id":"https:\/\/almenrausch-berglern.de\/WordPress_02\/#\/schema\/person\/afcf016c71e544dd07a246a131e0dc7c","name":"willi","image":{"@type":"ImageObject","inLanguage":"de","@id":"https:\/\/secure.gravatar.com\/avatar\/78d5815875c82d87f37eedb609f4c23e9e0832f1a15175689e420693042810d8?s=96&d=mm&r=g","url":"https:\/\/secure.gravatar.com\/avatar\/78d5815875c82d87f37eedb609f4c23e9e0832f1a15175689e420693042810d8?s=96&d=mm&r=g","contentUrl":"https:\/\/secure.gravatar.com\/avatar\/78d5815875c82d87f37eedb609f4c23e9e0832f1a15175689e420693042810d8?s=96&d=mm&r=g","caption":"willi"}}]}},"views":1056,"publishpress_future_action":{"enabled":false,"date":"2026-05-07 05:11:57","action":"change-status","newStatus":"draft","terms":[],"taxonomy":"category","extraData":[]},"publishpress_future_workflow_manual_trigger":{"enabledWorkflows":[]},"_links":{"self":[{"href":"https:\/\/almenrausch-berglern.de\/WordPress_02\/wp-json\/wp\/v2\/posts\/2124","targetHints":{"allow":["GET"]}}],"collection":[{"href":"https:\/\/almenrausch-berglern.de\/WordPress_02\/wp-json\/wp\/v2\/posts"}],"about":[{"href":"https:\/\/almenrausch-berglern.de\/WordPress_02\/wp-json\/wp\/v2\/types\/post"}],"author":[{"embeddable":true,"href":"https:\/\/almenrausch-berglern.de\/WordPress_02\/wp-json\/wp\/v2\/users\/1"}],"replies":[{"embeddable":true,"href":"https:\/\/almenrausch-berglern.de\/WordPress_02\/wp-json\/wp\/v2\/comments?post=2124"}],"version-history":[{"count":4,"href":"https:\/\/almenrausch-berglern.de\/WordPress_02\/wp-json\/wp\/v2\/posts\/2124\/revisions"}],"predecessor-version":[{"id":2128,"href":"https:\/\/almenrausch-berglern.de\/WordPress_02\/wp-json\/wp\/v2\/posts\/2124\/revisions\/2128"}],"wp:featuredmedia":[{"embeddable":true,"href":"https:\/\/almenrausch-berglern.de\/WordPress_02\/wp-json\/wp\/v2\/media\/1099"}],"wp:attachment":[{"href":"https:\/\/almenrausch-berglern.de\/WordPress_02\/wp-json\/wp\/v2\/media?parent=2124"}],"wp:term":[{"taxonomy":"category","embeddable":true,"href":"https:\/\/almenrausch-berglern.de\/WordPress_02\/wp-json\/wp\/v2\/categories?post=2124"},{"taxonomy":"post_tag","embeddable":true,"href":"https:\/\/almenrausch-berglern.de\/WordPress_02\/wp-json\/wp\/v2\/tags?post=2124"}],"curies":[{"name":"wp","href":"https:\/\/api.w.org\/{rel}","templated":true}]}}