{"id":2131,"date":"2023-11-03T21:33:22","date_gmt":"2023-11-03T21:33:22","guid":{"rendered":"https:\/\/almenrausch-berglern.de\/WordPress_02\/?p=2131"},"modified":"2023-11-03T21:33:22","modified_gmt":"2023-11-03T21:33:22","slug":"vereinsshop-der-almenrausch-schuetzen","status":"publish","type":"post","link":"https:\/\/almenrausch-berglern.de\/WordPress_02\/vereinsshop-der-almenrausch-schuetzen\/","title":{"rendered":"Vereinsshop der Almenrausch-Sch\u00fctzen"},"content":{"rendered":"<p>In Zusammenarbeit mit der TS Teamwear GbR in Bockhorn wurde ein Shop f\u00fcr Vereinskleidung der Almenrausch-Sch\u00fctzen aufgebaut. \u00dcber diesen Link k\u00f6nnen Bestellungen aufgegeben werden:<\/p>\n<p><a href=\"https:\/\/www.ts-teamwear.de\/Schuetzengesellschaft-Almenrausch-Berglern\" target=\"_blank\" rel=\"noopener\">Vereinsshop Almenrausch Berglern<\/a><\/p>\n","protected":false},"excerpt":{"rendered":"<p>In Zusammenarbeit mit der TS Teamwear GbR in Bockhorn wurde ein Shop f\u00fcr Vereinskleidung der Almenrausch-Sch\u00fctzen aufgebaut. \u00dcber diesen Link k\u00f6nnen Bestellungen aufgegeben werden: Vereinsshop Almenrausch Berglern<\/p>\n <a class=\"more-link\" href=\"https:\/\/almenrausch-berglern.de\/WordPress_02\/vereinsshop-der-almenrausch-schuetzen\/\"><span class=\"more-msg\">Hier weiterlesen ...<\/span><\/a>","protected":false},"author":1,"featured_media":2133,"comment_status":"closed","ping_status":"closed","sticky":false,"template":"","format":"standard","meta":{"ngg_post_thumbnail":0,"footnotes":""},"categories":[1],"tags":[],"class_list":["post-2131","post","type-post","status-publish","format-standard","has-post-thumbnail","hentry","category-allgemein"],"yoast_head":"<!-- This site is optimized with the Yoast SEO plugin v27.2 - https:\/\/yoast.com\/product\/yoast-seo-wordpress\/ -->\n<title>Vereinsshop der Almenrausch-Sch\u00fctzen - SG Almenrausch Berglern e.V.<\/title>\n<meta name=\"robots\" content=\"index, follow, max-snippet:-1, max-image-preview:large, max-video-preview:-1\" \/>\n<link rel=\"canonical\" href=\"https:\/\/almenrausch-berglern.de\/WordPress_02\/vereinsshop-der-almenrausch-schuetzen\/\" \/>\n<meta property=\"og:locale\" content=\"de_DE\" \/>\n<meta property=\"og:type\" content=\"article\" \/>\n<meta property=\"og:title\" content=\"Vereinsshop der Almenrausch-Sch\u00fctzen - SG Almenrausch Berglern e.V.\" \/>\n<meta property=\"og:description\" content=\"In Zusammenarbeit mit der TS Teamwear GbR in Bockhorn wurde ein Shop f\u00fcr Vereinskleidung der Almenrausch-Sch\u00fctzen aufgebaut. \u00dcber diesen Link k\u00f6nnen Bestellungen aufgegeben werden: Vereinsshop Almenrausch Berglern\" \/>\n<meta property=\"og:url\" content=\"https:\/\/almenrausch-berglern.de\/WordPress_02\/vereinsshop-der-almenrausch-schuetzen\/\" \/>\n<meta property=\"og:site_name\" content=\"SG Almenrausch Berglern e.V.\" \/>\n<meta property=\"article:published_time\" content=\"2023-11-03T21:33:22+00:00\" \/>\n<meta property=\"og:image\" content=\"https:\/\/almenrausch-berglern.de\/WordPress_02\/wp-content\/uploads\/2023\/11\/QRCodeALBShop.png\" \/>\n\t<meta property=\"og:image:width\" content=\"149\" \/>\n\t<meta property=\"og:image:height\" content=\"148\" \/>\n\t<meta property=\"og:image:type\" content=\"image\/png\" \/>\n<meta name=\"author\" content=\"willi\" \/>\n<meta name=\"twitter:card\" content=\"summary_large_image\" \/>\n<meta name=\"twitter:label1\" content=\"Verfasst von\" \/>\n\t<meta name=\"twitter:data1\" content=\"willi\" \/>\n\t<meta name=\"twitter:label2\" content=\"Gesch\u00e4tzte Lesezeit\" \/>\n\t<meta name=\"twitter:data2\" content=\"1\u00a0Minute\" \/>\n<script type=\"application\/ld+json\" class=\"yoast-schema-graph\">{\"@context\":\"https:\/\/schema.org\",\"@graph\":[{\"@type\":\"Article\",\"@id\":\"https:\/\/almenrausch-berglern.de\/WordPress_02\/vereinsshop-der-almenrausch-schuetzen\/#article\",\"isPartOf\":{\"@id\":\"https:\/\/almenrausch-berglern.de\/WordPress_02\/vereinsshop-der-almenrausch-schuetzen\/\"},\"author\":{\"name\":\"willi\",\"@id\":\"https:\/\/almenrausch-berglern.de\/WordPress_02\/#\/schema\/person\/afcf016c71e544dd07a246a131e0dc7c\"},\"headline\":\"Vereinsshop der Almenrausch-Sch\u00fctzen\",\"datePublished\":\"2023-11-03T21:33:22+00:00\",\"mainEntityOfPage\":{\"@id\":\"https:\/\/almenrausch-berglern.de\/WordPress_02\/vereinsshop-der-almenrausch-schuetzen\/\"},\"wordCount\":34,\"image\":{\"@id\":\"https:\/\/almenrausch-berglern.de\/WordPress_02\/vereinsshop-der-almenrausch-schuetzen\/#primaryimage\"},\"thumbnailUrl\":\"https:\/\/almenrausch-berglern.de\/WordPress_02\/wp-content\/uploads\/2023\/11\/QRCodeALBShop.png\",\"inLanguage\":\"de\"},{\"@type\":\"WebPage\",\"@id\":\"https:\/\/almenrausch-berglern.de\/WordPress_02\/vereinsshop-der-almenrausch-schuetzen\/\",\"url\":\"https:\/\/almenrausch-berglern.de\/WordPress_02\/vereinsshop-der-almenrausch-schuetzen\/\",\"name\":\"Vereinsshop der Almenrausch-Sch\u00fctzen - SG Almenrausch Berglern e.V.\",\"isPartOf\":{\"@id\":\"https:\/\/almenrausch-berglern.de\/WordPress_02\/#website\"},\"primaryImageOfPage\":{\"@id\":\"https:\/\/almenrausch-berglern.de\/WordPress_02\/vereinsshop-der-almenrausch-schuetzen\/#primaryimage\"},\"image\":{\"@id\":\"https:\/\/almenrausch-berglern.de\/WordPress_02\/vereinsshop-der-almenrausch-schuetzen\/#primaryimage\"},\"thumbnailUrl\":\"https:\/\/almenrausch-berglern.de\/WordPress_02\/wp-content\/uploads\/2023\/11\/QRCodeALBShop.png\",\"datePublished\":\"2023-11-03T21:33:22+00:00\",\"author\":{\"@id\":\"https:\/\/almenrausch-berglern.de\/WordPress_02\/#\/schema\/person\/afcf016c71e544dd07a246a131e0dc7c\"},\"breadcrumb\":{\"@id\":\"https:\/\/almenrausch-berglern.de\/WordPress_02\/vereinsshop-der-almenrausch-schuetzen\/#breadcrumb\"},\"inLanguage\":\"de\",\"potentialAction\":[{\"@type\":\"ReadAction\",\"target\":[\"https:\/\/almenrausch-berglern.de\/WordPress_02\/vereinsshop-der-almenrausch-schuetzen\/\"]}]},{\"@type\":\"ImageObject\",\"inLanguage\":\"de\",\"@id\":\"https:\/\/almenrausch-berglern.de\/WordPress_02\/vereinsshop-der-almenrausch-schuetzen\/#primaryimage\",\"url\":\"https:\/\/almenrausch-berglern.de\/WordPress_02\/wp-content\/uploads\/2023\/11\/QRCodeALBShop.png\",\"contentUrl\":\"https:\/\/almenrausch-berglern.de\/WordPress_02\/wp-content\/uploads\/2023\/11\/QRCodeALBShop.png\",\"width\":149,\"height\":148},{\"@type\":\"BreadcrumbList\",\"@id\":\"https:\/\/almenrausch-berglern.de\/WordPress_02\/vereinsshop-der-almenrausch-schuetzen\/#breadcrumb\",\"itemListElement\":[{\"@type\":\"ListItem\",\"position\":1,\"name\":\"Startseite\",\"item\":\"https:\/\/almenrausch-berglern.de\/WordPress_02\/\"},{\"@type\":\"ListItem\",\"position\":2,\"name\":\"Vereinsshop der Almenrausch-Sch\u00fctzen\"}]},{\"@type\":\"WebSite\",\"@id\":\"https:\/\/almenrausch-berglern.de\/WordPress_02\/#website\",\"url\":\"https:\/\/almenrausch-berglern.de\/WordPress_02\/\",\"name\":\"SG Almenrausch Berglern e.V.\",\"description\":\"\",\"potentialAction\":[{\"@type\":\"SearchAction\",\"target\":{\"@type\":\"EntryPoint\",\"urlTemplate\":\"https:\/\/almenrausch-berglern.de\/WordPress_02\/?s={search_term_string}\"},\"query-input\":{\"@type\":\"PropertyValueSpecification\",\"valueRequired\":true,\"valueName\":\"search_term_string\"}}],\"inLanguage\":\"de\"},{\"@type\":\"Person\",\"@id\":\"https:\/\/almenrausch-berglern.de\/WordPress_02\/#\/schema\/person\/afcf016c71e544dd07a246a131e0dc7c\",\"name\":\"willi\",\"image\":{\"@type\":\"ImageObject\",\"inLanguage\":\"de\",\"@id\":\"https:\/\/secure.gravatar.com\/avatar\/78d5815875c82d87f37eedb609f4c23e9e0832f1a15175689e420693042810d8?s=96&d=mm&r=g\",\"url\":\"https:\/\/secure.gravatar.com\/avatar\/78d5815875c82d87f37eedb609f4c23e9e0832f1a15175689e420693042810d8?s=96&d=mm&r=g\",\"contentUrl\":\"https:\/\/secure.gravatar.com\/avatar\/78d5815875c82d87f37eedb609f4c23e9e0832f1a15175689e420693042810d8?s=96&d=mm&r=g\",\"caption\":\"willi\"}}]}<\/script>\n<!-- \/ Yoast SEO plugin. -->","yoast_head_json":{"title":"Vereinsshop der Almenrausch-Sch\u00fctzen - SG Almenrausch Berglern e.V.","robots":{"index":"index","follow":"follow","max-snippet":"max-snippet:-1","max-image-preview":"max-image-preview:large","max-video-preview":"max-video-preview:-1"},"canonical":"https:\/\/almenrausch-berglern.de\/WordPress_02\/vereinsshop-der-almenrausch-schuetzen\/","og_locale":"de_DE","og_type":"article","og_title":"Vereinsshop der Almenrausch-Sch\u00fctzen - SG Almenrausch Berglern e.V.","og_description":"In Zusammenarbeit mit der TS Teamwear GbR in Bockhorn wurde ein Shop f\u00fcr Vereinskleidung der Almenrausch-Sch\u00fctzen aufgebaut. \u00dcber diesen Link k\u00f6nnen Bestellungen aufgegeben werden: Vereinsshop Almenrausch Berglern","og_url":"https:\/\/almenrausch-berglern.de\/WordPress_02\/vereinsshop-der-almenrausch-schuetzen\/","og_site_name":"SG Almenrausch Berglern e.V.","article_published_time":"2023-11-03T21:33:22+00:00","og_image":[{"width":149,"height":148,"url":"https:\/\/almenrausch-berglern.de\/WordPress_02\/wp-content\/uploads\/2023\/11\/QRCodeALBShop.png","type":"image\/png"}],"author":"willi","twitter_card":"summary_large_image","twitter_misc":{"Verfasst von":"willi","Gesch\u00e4tzte Lesezeit":"1\u00a0Minute"},"schema":{"@context":"https:\/\/schema.org","@graph":[{"@type":"Article","@id":"https:\/\/almenrausch-berglern.de\/WordPress_02\/vereinsshop-der-almenrausch-schuetzen\/#article","isPartOf":{"@id":"https:\/\/almenrausch-berglern.de\/WordPress_02\/vereinsshop-der-almenrausch-schuetzen\/"},"author":{"name":"willi","@id":"https:\/\/almenrausch-berglern.de\/WordPress_02\/#\/schema\/person\/afcf016c71e544dd07a246a131e0dc7c"},"headline":"Vereinsshop der Almenrausch-Sch\u00fctzen","datePublished":"2023-11-03T21:33:22+00:00","mainEntityOfPage":{"@id":"https:\/\/almenrausch-berglern.de\/WordPress_02\/vereinsshop-der-almenrausch-schuetzen\/"},"wordCount":34,"image":{"@id":"https:\/\/almenrausch-berglern.de\/WordPress_02\/vereinsshop-der-almenrausch-schuetzen\/#primaryimage"},"thumbnailUrl":"https:\/\/almenrausch-berglern.de\/WordPress_02\/wp-content\/uploads\/2023\/11\/QRCodeALBShop.png","inLanguage":"de"},{"@type":"WebPage","@id":"https:\/\/almenrausch-berglern.de\/WordPress_02\/vereinsshop-der-almenrausch-schuetzen\/","url":"https:\/\/almenrausch-berglern.de\/WordPress_02\/vereinsshop-der-almenrausch-schuetzen\/","name":"Vereinsshop der Almenrausch-Sch\u00fctzen - SG Almenrausch Berglern e.V.","isPartOf":{"@id":"https:\/\/almenrausch-berglern.de\/WordPress_02\/#website"},"primaryImageOfPage":{"@id":"https:\/\/almenrausch-berglern.de\/WordPress_02\/vereinsshop-der-almenrausch-schuetzen\/#primaryimage"},"image":{"@id":"https:\/\/almenrausch-berglern.de\/WordPress_02\/vereinsshop-der-almenrausch-schuetzen\/#primaryimage"},"thumbnailUrl":"https:\/\/almenrausch-berglern.de\/WordPress_02\/wp-content\/uploads\/2023\/11\/QRCodeALBShop.png","datePublished":"2023-11-03T21:33:22+00:00","author":{"@id":"https:\/\/almenrausch-berglern.de\/WordPress_02\/#\/schema\/person\/afcf016c71e544dd07a246a131e0dc7c"},"breadcrumb":{"@id":"https:\/\/almenrausch-berglern.de\/WordPress_02\/vereinsshop-der-almenrausch-schuetzen\/#breadcrumb"},"inLanguage":"de","potentialAction":[{"@type":"ReadAction","target":["https:\/\/almenrausch-berglern.de\/WordPress_02\/vereinsshop-der-almenrausch-schuetzen\/"]}]},{"@type":"ImageObject","inLanguage":"de","@id":"https:\/\/almenrausch-berglern.de\/WordPress_02\/vereinsshop-der-almenrausch-schuetzen\/#primaryimage","url":"https:\/\/almenrausch-berglern.de\/WordPress_02\/wp-content\/uploads\/2023\/11\/QRCodeALBShop.png","contentUrl":"https:\/\/almenrausch-berglern.de\/WordPress_02\/wp-content\/uploads\/2023\/11\/QRCodeALBShop.png","width":149,"height":148},{"@type":"BreadcrumbList","@id":"https:\/\/almenrausch-berglern.de\/WordPress_02\/vereinsshop-der-almenrausch-schuetzen\/#breadcrumb","itemListElement":[{"@type":"ListItem","position":1,"name":"Startseite","item":"https:\/\/almenrausch-berglern.de\/WordPress_02\/"},{"@type":"ListItem","position":2,"name":"Vereinsshop der Almenrausch-Sch\u00fctzen"}]},{"@type":"WebSite","@id":"https:\/\/almenrausch-berglern.de\/WordPress_02\/#website","url":"https:\/\/almenrausch-berglern.de\/WordPress_02\/","name":"SG Almenrausch Berglern e.V.","description":"","potentialAction":[{"@type":"SearchAction","target":{"@type":"EntryPoint","urlTemplate":"https:\/\/almenrausch-berglern.de\/WordPress_02\/?s={search_term_string}"},"query-input":{"@type":"PropertyValueSpecification","valueRequired":true,"valueName":"search_term_string"}}],"inLanguage":"de"},{"@type":"Person","@id":"https:\/\/almenrausch-berglern.de\/WordPress_02\/#\/schema\/person\/afcf016c71e544dd07a246a131e0dc7c","name":"willi","image":{"@type":"ImageObject","inLanguage":"de","@id":"https:\/\/secure.gravatar.com\/avatar\/78d5815875c82d87f37eedb609f4c23e9e0832f1a15175689e420693042810d8?s=96&d=mm&r=g","url":"https:\/\/secure.gravatar.com\/avatar\/78d5815875c82d87f37eedb609f4c23e9e0832f1a15175689e420693042810d8?s=96&d=mm&r=g","contentUrl":"https:\/\/secure.gravatar.com\/avatar\/78d5815875c82d87f37eedb609f4c23e9e0832f1a15175689e420693042810d8?s=96&d=mm&r=g","caption":"willi"}}]}},"views":309,"publishpress_future_action":{"enabled":false,"date":"2026-05-07 06:04:20","action":"change-status","newStatus":"draft","terms":[],"taxonomy":"category","extraData":[]},"publishpress_future_workflow_manual_trigger":{"enabledWorkflows":[]},"_links":{"self":[{"href":"https:\/\/almenrausch-berglern.de\/WordPress_02\/wp-json\/wp\/v2\/posts\/2131","targetHints":{"allow":["GET"]}}],"collection":[{"href":"https:\/\/almenrausch-berglern.de\/WordPress_02\/wp-json\/wp\/v2\/posts"}],"about":[{"href":"https:\/\/almenrausch-berglern.de\/WordPress_02\/wp-json\/wp\/v2\/types\/post"}],"author":[{"embeddable":true,"href":"https:\/\/almenrausch-berglern.de\/WordPress_02\/wp-json\/wp\/v2\/users\/1"}],"replies":[{"embeddable":true,"href":"https:\/\/almenrausch-berglern.de\/WordPress_02\/wp-json\/wp\/v2\/comments?post=2131"}],"version-history":[{"count":1,"href":"https:\/\/almenrausch-berglern.de\/WordPress_02\/wp-json\/wp\/v2\/posts\/2131\/revisions"}],"predecessor-version":[{"id":2132,"href":"https:\/\/almenrausch-berglern.de\/WordPress_02\/wp-json\/wp\/v2\/posts\/2131\/revisions\/2132"}],"wp:featuredmedia":[{"embeddable":true,"href":"https:\/\/almenrausch-berglern.de\/WordPress_02\/wp-json\/wp\/v2\/media\/2133"}],"wp:attachment":[{"href":"https:\/\/almenrausch-berglern.de\/WordPress_02\/wp-json\/wp\/v2\/media?parent=2131"}],"wp:term":[{"taxonomy":"category","embeddable":true,"href":"https:\/\/almenrausch-berglern.de\/WordPress_02\/wp-json\/wp\/v2\/categories?post=2131"},{"taxonomy":"post_tag","embeddable":true,"href":"https:\/\/almenrausch-berglern.de\/WordPress_02\/wp-json\/wp\/v2\/tags?post=2131"}],"curies":[{"name":"wp","href":"https:\/\/api.w.org\/{rel}","templated":true}]}}