{"id":2156,"date":"2023-12-11T14:37:50","date_gmt":"2023-12-11T14:37:50","guid":{"rendered":"https:\/\/almenrausch-berglern.de\/WordPress_02\/?p=2156"},"modified":"2023-12-11T14:37:50","modified_gmt":"2023-12-11T14:37:50","slug":"nikolausfeier-2023","status":"publish","type":"post","link":"https:\/\/almenrausch-berglern.de\/WordPress_02\/nikolausfeier-2023\/","title":{"rendered":"Nikolausfeier 2023"},"content":{"rendered":"\r\n<p>In diesem Jahr kam der Nikolaus am 9. Dezember mit etwas Versp\u00e4tung, daf\u00fcr aber als &#8222;Original&#8220;-Nikolaus zu den Almenrausch-Sch\u00fctzen. F\u00fcr die musikalische Umrahmung in der Vorweihnachtszeit sorgte &#8222;Ton in Ton&#8220;. Nat\u00fcrlich hatte der Nikolaus mit seinem Krampus einige Geschichten \u00fcber die Almenrausch-Sch\u00fctzen dabei, vor allem aber auch Geschenke f\u00fcr die vielen anwesenden Kinder.<\/p>\r\n\r\n\r\n\r\n<p>Hans Kriegmair hatte die Versteigerung von Ger\u00e4uchertem, Presssack und anderen K\u00f6stlichkeiten \u00fcber 35 Jahre durchgef\u00fchrt. Daf\u00fcr wurde er mit einem besonderen Brotzeitteller bedacht, den er in der Nikolausfeier \u00fcberreicht bekam. Die Versteigerung im Anschluss an den besinnlichen Teil \u00fcbernahm dann Max Caria.<\/p>\r\n\r\n\r\n\r\n<style type=\"text\/css\">\n#foogallery-gallery-2148.fg-justified .fg-item { margin-right: 1px; margin-bottom: 1px; }\n#foogallery-gallery-2148.fg-justified .fg-image { height: 150px; }<\/style>\n\t\t\t<div class=\"foogallery foogallery-container foogallery-justified foogallery-lightbox-foobox fg-justified fg-ready fg-light fg-border-thin fg-shadow-outline fg-loading-default fg-loaded-fade-in fg-caption-hover fg-hover-fade fg-hover-zoom\" id=\"foogallery-gallery-2148\" data-foogallery=\"{&quot;item&quot;:{&quot;showCaptionTitle&quot;:true,&quot;showCaptionDescription&quot;:true},&quot;lazy&quot;:true,&quot;template&quot;:{&quot;rowHeight&quot;:150,&quot;maxRowHeight&quot;:250,&quot;margins&quot;:1,&quot;align&quot;:&quot;center&quot;,&quot;lastRow&quot;:&quot;smart&quot;}}\" style=\"--fg-title-line-clamp: 0; --fg-description-line-clamp: 0;\" >\n\t<div class=\"fg-item fg-type-image fg-idle\"><figure class=\"fg-item-inner\"><a href=\"https:\/\/almenrausch-berglern.de\/WordPress_02\/wp-content\/uploads\/2023\/12\/IMG-20231211-WA0000.jpg\" data-attachment-id=\"2154\" data-type=\"image\" class=\"fg-thumb\"><span class=\"fg-image-wrap\"><img fetchpriority=\"high\" decoding=\"async\" height=\"250\" width=\"333\" class=\"skip-lazy fg-image\" data-src-fg=\"https:\/\/almenrausch-berglern.de\/WordPress_02\/wp-content\/uploads\/cache\/2023\/12\/IMG-20231211-WA0000\/2162046789.jpg\" src=\"data:image\/svg+xml,%3Csvg%20xmlns%3D%22http%3A%2F%2Fwww.w3.org%2F2000%2Fsvg%22%20width%3D%22333%22%20height%3D%22250%22%20viewBox%3D%220%200%20333%20250%22%3E%3C%2Fsvg%3E\" loading=\"eager\"><\/span><span class=\"fg-image-overlay\"><\/span><\/a><\/figure><div class=\"fg-loader\"><\/div><\/div><div class=\"fg-item fg-type-image fg-idle\"><figure class=\"fg-item-inner\"><a href=\"https:\/\/almenrausch-berglern.de\/WordPress_02\/wp-content\/uploads\/2023\/12\/IMG-20231211-WA0001.jpg\" data-attachment-id=\"2149\" data-type=\"image\" class=\"fg-thumb\"><span class=\"fg-image-wrap\"><img decoding=\"async\" height=\"250\" width=\"333\" class=\"skip-lazy fg-image\" data-src-fg=\"https:\/\/almenrausch-berglern.de\/WordPress_02\/wp-content\/uploads\/cache\/2023\/12\/IMG-20231211-WA0001\/3580591201.jpg\" src=\"data:image\/svg+xml,%3Csvg%20xmlns%3D%22http%3A%2F%2Fwww.w3.org%2F2000%2Fsvg%22%20width%3D%22333%22%20height%3D%22250%22%20viewBox%3D%220%200%20333%20250%22%3E%3C%2Fsvg%3E\" loading=\"eager\"><\/span><span class=\"fg-image-overlay\"><\/span><\/a><\/figure><div class=\"fg-loader\"><\/div><\/div><div class=\"fg-item fg-type-image fg-idle\"><figure class=\"fg-item-inner\"><a href=\"https:\/\/almenrausch-berglern.de\/WordPress_02\/wp-content\/uploads\/2023\/12\/IMG-20231211-WA0002.jpg\" data-attachment-id=\"2151\" data-type=\"image\" class=\"fg-thumb\"><span class=\"fg-image-wrap\"><img decoding=\"async\" height=\"250\" width=\"333\" class=\"skip-lazy fg-image\" data-src-fg=\"https:\/\/almenrausch-berglern.de\/WordPress_02\/wp-content\/uploads\/cache\/2023\/12\/IMG-20231211-WA0002\/3844274893.jpg\" src=\"data:image\/svg+xml,%3Csvg%20xmlns%3D%22http%3A%2F%2Fwww.w3.org%2F2000%2Fsvg%22%20width%3D%22333%22%20height%3D%22250%22%20viewBox%3D%220%200%20333%20250%22%3E%3C%2Fsvg%3E\" loading=\"eager\"><\/span><span class=\"fg-image-overlay\"><\/span><\/a><\/figure><div class=\"fg-loader\"><\/div><\/div><div class=\"fg-item fg-type-image fg-idle\"><figure class=\"fg-item-inner\"><a href=\"https:\/\/almenrausch-berglern.de\/WordPress_02\/wp-content\/uploads\/2023\/12\/IMG-20231211-WA0003.jpg\" data-attachment-id=\"2153\" data-type=\"image\" class=\"fg-thumb\"><span class=\"fg-image-wrap\"><img decoding=\"async\" height=\"250\" width=\"333\" class=\"skip-lazy fg-image\" data-src-fg=\"https:\/\/almenrausch-berglern.de\/WordPress_02\/wp-content\/uploads\/cache\/2023\/12\/IMG-20231211-WA0003\/3835200027.jpg\" src=\"data:image\/svg+xml,%3Csvg%20xmlns%3D%22http%3A%2F%2Fwww.w3.org%2F2000%2Fsvg%22%20width%3D%22333%22%20height%3D%22250%22%20viewBox%3D%220%200%20333%20250%22%3E%3C%2Fsvg%3E\" loading=\"eager\"><\/span><span class=\"fg-image-overlay\"><\/span><\/a><\/figure><div class=\"fg-loader\"><\/div><\/div><div class=\"fg-item fg-type-image fg-idle\"><figure class=\"fg-item-inner\"><a href=\"https:\/\/almenrausch-berglern.de\/WordPress_02\/wp-content\/uploads\/2023\/12\/IMG-20231211-WA0004.jpg\" data-attachment-id=\"2150\" data-type=\"image\" class=\"fg-thumb\"><span class=\"fg-image-wrap\"><img decoding=\"async\" height=\"250\" width=\"333\" class=\"skip-lazy fg-image\" data-src-fg=\"https:\/\/almenrausch-berglern.de\/WordPress_02\/wp-content\/uploads\/cache\/2023\/12\/IMG-20231211-WA0004\/1170591598.jpg\" src=\"data:image\/svg+xml,%3Csvg%20xmlns%3D%22http%3A%2F%2Fwww.w3.org%2F2000%2Fsvg%22%20width%3D%22333%22%20height%3D%22250%22%20viewBox%3D%220%200%20333%20250%22%3E%3C%2Fsvg%3E\" loading=\"eager\"><\/span><span class=\"fg-image-overlay\"><\/span><\/a><\/figure><div class=\"fg-loader\"><\/div><\/div><div class=\"fg-item fg-type-image fg-idle\"><figure class=\"fg-item-inner\"><a href=\"https:\/\/almenrausch-berglern.de\/WordPress_02\/wp-content\/uploads\/2023\/12\/IMG-20231211-WA0005.jpg\" data-attachment-id=\"2155\" data-type=\"image\" class=\"fg-thumb\"><span class=\"fg-image-wrap\"><img decoding=\"async\" height=\"250\" width=\"333\" class=\"skip-lazy fg-image\" data-src-fg=\"https:\/\/almenrausch-berglern.de\/WordPress_02\/wp-content\/uploads\/cache\/2023\/12\/IMG-20231211-WA0005\/2931164421.jpg\" src=\"data:image\/svg+xml,%3Csvg%20xmlns%3D%22http%3A%2F%2Fwww.w3.org%2F2000%2Fsvg%22%20width%3D%22333%22%20height%3D%22250%22%20viewBox%3D%220%200%20333%20250%22%3E%3C%2Fsvg%3E\" loading=\"eager\"><\/span><span class=\"fg-image-overlay\"><\/span><\/a><\/figure><div class=\"fg-loader\"><\/div><\/div><div class=\"fg-item fg-type-image fg-idle\"><figure class=\"fg-item-inner\"><a href=\"https:\/\/almenrausch-berglern.de\/WordPress_02\/wp-content\/uploads\/2023\/12\/IMG-20231211-WA0006.jpg\" data-attachment-id=\"2152\" data-type=\"image\" class=\"fg-thumb\"><span class=\"fg-image-wrap\"><img decoding=\"async\" height=\"250\" width=\"333\" class=\"skip-lazy fg-image\" data-src-fg=\"https:\/\/almenrausch-berglern.de\/WordPress_02\/wp-content\/uploads\/cache\/2023\/12\/IMG-20231211-WA0006\/3404771419.jpg\" src=\"data:image\/svg+xml,%3Csvg%20xmlns%3D%22http%3A%2F%2Fwww.w3.org%2F2000%2Fsvg%22%20width%3D%22333%22%20height%3D%22250%22%20viewBox%3D%220%200%20333%20250%22%3E%3C%2Fsvg%3E\" loading=\"eager\"><\/span><span class=\"fg-image-overlay\"><\/span><\/a><\/figure><div class=\"fg-loader\"><\/div><\/div><\/div>\n\r\n\r\n\r\n","protected":false},"excerpt":{"rendered":"<p>In diesem Jahr kam der Nikolaus am 9. Dezember mit etwas Versp\u00e4tung, daf\u00fcr aber als &#8222;Original&#8220;-Nikolaus zu den Almenrausch-Sch\u00fctzen. F\u00fcr die musikalische Umrahmung in der Vorweihnachtszeit sorgte &#8222;Ton in Ton&#8220;. Nat\u00fcrlich hatte der Nikolaus mit seinem Krampus einige Geschichten \u00fcber <span class=\"excerpt-dots\">&hellip;<\/span> <a class=\"more-link\" href=\"https:\/\/almenrausch-berglern.de\/WordPress_02\/nikolausfeier-2023\/\"><span class=\"more-msg\">Hier weiterlesen &#8230;<\/span><\/a><\/p>\n","protected":false},"author":1,"featured_media":1125,"comment_status":"closed","ping_status":"closed","sticky":false,"template":"","format":"standard","meta":{"ngg_post_thumbnail":0,"footnotes":""},"categories":[1],"tags":[],"class_list":["post-2156","post","type-post","status-publish","format-standard","has-post-thumbnail","hentry","category-allgemein"],"yoast_head":"<!-- This site is optimized with the Yoast SEO plugin v27.2 - https:\/\/yoast.com\/product\/yoast-seo-wordpress\/ -->\n<title>Nikolausfeier 2023 - SG Almenrausch Berglern e.V.<\/title>\n<meta name=\"robots\" content=\"index, follow, max-snippet:-1, max-image-preview:large, max-video-preview:-1\" \/>\n<link rel=\"canonical\" href=\"https:\/\/almenrausch-berglern.de\/WordPress_02\/nikolausfeier-2023\/\" \/>\n<meta property=\"og:locale\" content=\"de_DE\" \/>\n<meta property=\"og:type\" content=\"article\" \/>\n<meta property=\"og:title\" content=\"Nikolausfeier 2023 - SG Almenrausch Berglern e.V.\" \/>\n<meta property=\"og:description\" content=\"In diesem Jahr kam der Nikolaus am 9. Dezember mit etwas Versp\u00e4tung, daf\u00fcr aber als &#8222;Original&#8220;-Nikolaus zu den Almenrausch-Sch\u00fctzen. F\u00fcr die musikalische Umrahmung in der Vorweihnachtszeit sorgte &#8222;Ton in Ton&#8220;. Nat\u00fcrlich hatte der Nikolaus mit seinem Krampus einige Geschichten \u00fcber &hellip; Hier weiterlesen ...\" \/>\n<meta property=\"og:url\" content=\"https:\/\/almenrausch-berglern.de\/WordPress_02\/nikolausfeier-2023\/\" \/>\n<meta property=\"og:site_name\" content=\"SG Almenrausch Berglern e.V.\" \/>\n<meta property=\"article:published_time\" content=\"2023-12-11T14:37:50+00:00\" \/>\n<meta property=\"og:image\" content=\"https:\/\/almenrausch-berglern.de\/WordPress_02\/wp-content\/uploads\/2018\/12\/SAM_3524.jpg\" \/>\n\t<meta property=\"og:image:width\" content=\"1920\" \/>\n\t<meta property=\"og:image:height\" content=\"1080\" \/>\n\t<meta property=\"og:image:type\" content=\"image\/jpeg\" \/>\n<meta name=\"author\" content=\"willi\" \/>\n<meta name=\"twitter:card\" content=\"summary_large_image\" \/>\n<meta name=\"twitter:label1\" content=\"Verfasst von\" \/>\n\t<meta name=\"twitter:data1\" content=\"willi\" \/>\n\t<meta name=\"twitter:label2\" content=\"Gesch\u00e4tzte Lesezeit\" \/>\n\t<meta name=\"twitter:data2\" content=\"1\u00a0Minute\" \/>\n<script type=\"application\/ld+json\" class=\"yoast-schema-graph\">{\"@context\":\"https:\/\/schema.org\",\"@graph\":[{\"@type\":\"Article\",\"@id\":\"https:\/\/almenrausch-berglern.de\/WordPress_02\/nikolausfeier-2023\/#article\",\"isPartOf\":{\"@id\":\"https:\/\/almenrausch-berglern.de\/WordPress_02\/nikolausfeier-2023\/\"},\"author\":{\"name\":\"willi\",\"@id\":\"https:\/\/almenrausch-berglern.de\/WordPress_02\/#\/schema\/person\/afcf016c71e544dd07a246a131e0dc7c\"},\"headline\":\"Nikolausfeier 2023\",\"datePublished\":\"2023-12-11T14:37:50+00:00\",\"mainEntityOfPage\":{\"@id\":\"https:\/\/almenrausch-berglern.de\/WordPress_02\/nikolausfeier-2023\/\"},\"wordCount\":108,\"image\":{\"@id\":\"https:\/\/almenrausch-berglern.de\/WordPress_02\/nikolausfeier-2023\/#primaryimage\"},\"thumbnailUrl\":\"https:\/\/almenrausch-berglern.de\/WordPress_02\/wp-content\/uploads\/2018\/12\/SAM_3524.jpg\",\"inLanguage\":\"de\"},{\"@type\":\"WebPage\",\"@id\":\"https:\/\/almenrausch-berglern.de\/WordPress_02\/nikolausfeier-2023\/\",\"url\":\"https:\/\/almenrausch-berglern.de\/WordPress_02\/nikolausfeier-2023\/\",\"name\":\"Nikolausfeier 2023 - SG Almenrausch Berglern e.V.\",\"isPartOf\":{\"@id\":\"https:\/\/almenrausch-berglern.de\/WordPress_02\/#website\"},\"primaryImageOfPage\":{\"@id\":\"https:\/\/almenrausch-berglern.de\/WordPress_02\/nikolausfeier-2023\/#primaryimage\"},\"image\":{\"@id\":\"https:\/\/almenrausch-berglern.de\/WordPress_02\/nikolausfeier-2023\/#primaryimage\"},\"thumbnailUrl\":\"https:\/\/almenrausch-berglern.de\/WordPress_02\/wp-content\/uploads\/2018\/12\/SAM_3524.jpg\",\"datePublished\":\"2023-12-11T14:37:50+00:00\",\"author\":{\"@id\":\"https:\/\/almenrausch-berglern.de\/WordPress_02\/#\/schema\/person\/afcf016c71e544dd07a246a131e0dc7c\"},\"breadcrumb\":{\"@id\":\"https:\/\/almenrausch-berglern.de\/WordPress_02\/nikolausfeier-2023\/#breadcrumb\"},\"inLanguage\":\"de\",\"potentialAction\":[{\"@type\":\"ReadAction\",\"target\":[\"https:\/\/almenrausch-berglern.de\/WordPress_02\/nikolausfeier-2023\/\"]}]},{\"@type\":\"ImageObject\",\"inLanguage\":\"de\",\"@id\":\"https:\/\/almenrausch-berglern.de\/WordPress_02\/nikolausfeier-2023\/#primaryimage\",\"url\":\"https:\/\/almenrausch-berglern.de\/WordPress_02\/wp-content\/uploads\/2018\/12\/SAM_3524.jpg\",\"contentUrl\":\"https:\/\/almenrausch-berglern.de\/WordPress_02\/wp-content\/uploads\/2018\/12\/SAM_3524.jpg\",\"width\":1920,\"height\":1080,\"caption\":\"SAMSUNG CAMERA PICTURES\"},{\"@type\":\"BreadcrumbList\",\"@id\":\"https:\/\/almenrausch-berglern.de\/WordPress_02\/nikolausfeier-2023\/#breadcrumb\",\"itemListElement\":[{\"@type\":\"ListItem\",\"position\":1,\"name\":\"Startseite\",\"item\":\"https:\/\/almenrausch-berglern.de\/WordPress_02\/\"},{\"@type\":\"ListItem\",\"position\":2,\"name\":\"Nikolausfeier 2023\"}]},{\"@type\":\"WebSite\",\"@id\":\"https:\/\/almenrausch-berglern.de\/WordPress_02\/#website\",\"url\":\"https:\/\/almenrausch-berglern.de\/WordPress_02\/\",\"name\":\"SG Almenrausch Berglern e.V.\",\"description\":\"\",\"potentialAction\":[{\"@type\":\"SearchAction\",\"target\":{\"@type\":\"EntryPoint\",\"urlTemplate\":\"https:\/\/almenrausch-berglern.de\/WordPress_02\/?s={search_term_string}\"},\"query-input\":{\"@type\":\"PropertyValueSpecification\",\"valueRequired\":true,\"valueName\":\"search_term_string\"}}],\"inLanguage\":\"de\"},{\"@type\":\"Person\",\"@id\":\"https:\/\/almenrausch-berglern.de\/WordPress_02\/#\/schema\/person\/afcf016c71e544dd07a246a131e0dc7c\",\"name\":\"willi\",\"image\":{\"@type\":\"ImageObject\",\"inLanguage\":\"de\",\"@id\":\"https:\/\/secure.gravatar.com\/avatar\/78d5815875c82d87f37eedb609f4c23e9e0832f1a15175689e420693042810d8?s=96&d=mm&r=g\",\"url\":\"https:\/\/secure.gravatar.com\/avatar\/78d5815875c82d87f37eedb609f4c23e9e0832f1a15175689e420693042810d8?s=96&d=mm&r=g\",\"contentUrl\":\"https:\/\/secure.gravatar.com\/avatar\/78d5815875c82d87f37eedb609f4c23e9e0832f1a15175689e420693042810d8?s=96&d=mm&r=g\",\"caption\":\"willi\"}}]}<\/script>\n<!-- \/ Yoast SEO plugin. -->","yoast_head_json":{"title":"Nikolausfeier 2023 - SG Almenrausch Berglern e.V.","robots":{"index":"index","follow":"follow","max-snippet":"max-snippet:-1","max-image-preview":"max-image-preview:large","max-video-preview":"max-video-preview:-1"},"canonical":"https:\/\/almenrausch-berglern.de\/WordPress_02\/nikolausfeier-2023\/","og_locale":"de_DE","og_type":"article","og_title":"Nikolausfeier 2023 - SG Almenrausch Berglern e.V.","og_description":"In diesem Jahr kam der Nikolaus am 9. Dezember mit etwas Versp\u00e4tung, daf\u00fcr aber als &#8222;Original&#8220;-Nikolaus zu den Almenrausch-Sch\u00fctzen. F\u00fcr die musikalische Umrahmung in der Vorweihnachtszeit sorgte &#8222;Ton in Ton&#8220;. Nat\u00fcrlich hatte der Nikolaus mit seinem Krampus einige Geschichten \u00fcber &hellip; Hier weiterlesen ...","og_url":"https:\/\/almenrausch-berglern.de\/WordPress_02\/nikolausfeier-2023\/","og_site_name":"SG Almenrausch Berglern e.V.","article_published_time":"2023-12-11T14:37:50+00:00","og_image":[{"width":1920,"height":1080,"url":"https:\/\/almenrausch-berglern.de\/WordPress_02\/wp-content\/uploads\/2018\/12\/SAM_3524.jpg","type":"image\/jpeg"}],"author":"willi","twitter_card":"summary_large_image","twitter_misc":{"Verfasst von":"willi","Gesch\u00e4tzte Lesezeit":"1\u00a0Minute"},"schema":{"@context":"https:\/\/schema.org","@graph":[{"@type":"Article","@id":"https:\/\/almenrausch-berglern.de\/WordPress_02\/nikolausfeier-2023\/#article","isPartOf":{"@id":"https:\/\/almenrausch-berglern.de\/WordPress_02\/nikolausfeier-2023\/"},"author":{"name":"willi","@id":"https:\/\/almenrausch-berglern.de\/WordPress_02\/#\/schema\/person\/afcf016c71e544dd07a246a131e0dc7c"},"headline":"Nikolausfeier 2023","datePublished":"2023-12-11T14:37:50+00:00","mainEntityOfPage":{"@id":"https:\/\/almenrausch-berglern.de\/WordPress_02\/nikolausfeier-2023\/"},"wordCount":108,"image":{"@id":"https:\/\/almenrausch-berglern.de\/WordPress_02\/nikolausfeier-2023\/#primaryimage"},"thumbnailUrl":"https:\/\/almenrausch-berglern.de\/WordPress_02\/wp-content\/uploads\/2018\/12\/SAM_3524.jpg","inLanguage":"de"},{"@type":"WebPage","@id":"https:\/\/almenrausch-berglern.de\/WordPress_02\/nikolausfeier-2023\/","url":"https:\/\/almenrausch-berglern.de\/WordPress_02\/nikolausfeier-2023\/","name":"Nikolausfeier 2023 - SG Almenrausch Berglern e.V.","isPartOf":{"@id":"https:\/\/almenrausch-berglern.de\/WordPress_02\/#website"},"primaryImageOfPage":{"@id":"https:\/\/almenrausch-berglern.de\/WordPress_02\/nikolausfeier-2023\/#primaryimage"},"image":{"@id":"https:\/\/almenrausch-berglern.de\/WordPress_02\/nikolausfeier-2023\/#primaryimage"},"thumbnailUrl":"https:\/\/almenrausch-berglern.de\/WordPress_02\/wp-content\/uploads\/2018\/12\/SAM_3524.jpg","datePublished":"2023-12-11T14:37:50+00:00","author":{"@id":"https:\/\/almenrausch-berglern.de\/WordPress_02\/#\/schema\/person\/afcf016c71e544dd07a246a131e0dc7c"},"breadcrumb":{"@id":"https:\/\/almenrausch-berglern.de\/WordPress_02\/nikolausfeier-2023\/#breadcrumb"},"inLanguage":"de","potentialAction":[{"@type":"ReadAction","target":["https:\/\/almenrausch-berglern.de\/WordPress_02\/nikolausfeier-2023\/"]}]},{"@type":"ImageObject","inLanguage":"de","@id":"https:\/\/almenrausch-berglern.de\/WordPress_02\/nikolausfeier-2023\/#primaryimage","url":"https:\/\/almenrausch-berglern.de\/WordPress_02\/wp-content\/uploads\/2018\/12\/SAM_3524.jpg","contentUrl":"https:\/\/almenrausch-berglern.de\/WordPress_02\/wp-content\/uploads\/2018\/12\/SAM_3524.jpg","width":1920,"height":1080,"caption":"SAMSUNG CAMERA PICTURES"},{"@type":"BreadcrumbList","@id":"https:\/\/almenrausch-berglern.de\/WordPress_02\/nikolausfeier-2023\/#breadcrumb","itemListElement":[{"@type":"ListItem","position":1,"name":"Startseite","item":"https:\/\/almenrausch-berglern.de\/WordPress_02\/"},{"@type":"ListItem","position":2,"name":"Nikolausfeier 2023"}]},{"@type":"WebSite","@id":"https:\/\/almenrausch-berglern.de\/WordPress_02\/#website","url":"https:\/\/almenrausch-berglern.de\/WordPress_02\/","name":"SG Almenrausch Berglern e.V.","description":"","potentialAction":[{"@type":"SearchAction","target":{"@type":"EntryPoint","urlTemplate":"https:\/\/almenrausch-berglern.de\/WordPress_02\/?s={search_term_string}"},"query-input":{"@type":"PropertyValueSpecification","valueRequired":true,"valueName":"search_term_string"}}],"inLanguage":"de"},{"@type":"Person","@id":"https:\/\/almenrausch-berglern.de\/WordPress_02\/#\/schema\/person\/afcf016c71e544dd07a246a131e0dc7c","name":"willi","image":{"@type":"ImageObject","inLanguage":"de","@id":"https:\/\/secure.gravatar.com\/avatar\/78d5815875c82d87f37eedb609f4c23e9e0832f1a15175689e420693042810d8?s=96&d=mm&r=g","url":"https:\/\/secure.gravatar.com\/avatar\/78d5815875c82d87f37eedb609f4c23e9e0832f1a15175689e420693042810d8?s=96&d=mm&r=g","contentUrl":"https:\/\/secure.gravatar.com\/avatar\/78d5815875c82d87f37eedb609f4c23e9e0832f1a15175689e420693042810d8?s=96&d=mm&r=g","caption":"willi"}}]}},"views":953,"publishpress_future_action":{"enabled":false,"date":"2026-05-07 08:17:11","action":"change-status","newStatus":"draft","terms":[],"taxonomy":"category","extraData":[]},"publishpress_future_workflow_manual_trigger":{"enabledWorkflows":[]},"_links":{"self":[{"href":"https:\/\/almenrausch-berglern.de\/WordPress_02\/wp-json\/wp\/v2\/posts\/2156","targetHints":{"allow":["GET"]}}],"collection":[{"href":"https:\/\/almenrausch-berglern.de\/WordPress_02\/wp-json\/wp\/v2\/posts"}],"about":[{"href":"https:\/\/almenrausch-berglern.de\/WordPress_02\/wp-json\/wp\/v2\/types\/post"}],"author":[{"embeddable":true,"href":"https:\/\/almenrausch-berglern.de\/WordPress_02\/wp-json\/wp\/v2\/users\/1"}],"replies":[{"embeddable":true,"href":"https:\/\/almenrausch-berglern.de\/WordPress_02\/wp-json\/wp\/v2\/comments?post=2156"}],"version-history":[{"count":3,"href":"https:\/\/almenrausch-berglern.de\/WordPress_02\/wp-json\/wp\/v2\/posts\/2156\/revisions"}],"predecessor-version":[{"id":2159,"href":"https:\/\/almenrausch-berglern.de\/WordPress_02\/wp-json\/wp\/v2\/posts\/2156\/revisions\/2159"}],"wp:featuredmedia":[{"embeddable":true,"href":"https:\/\/almenrausch-berglern.de\/WordPress_02\/wp-json\/wp\/v2\/media\/1125"}],"wp:attachment":[{"href":"https:\/\/almenrausch-berglern.de\/WordPress_02\/wp-json\/wp\/v2\/media?parent=2156"}],"wp:term":[{"taxonomy":"category","embeddable":true,"href":"https:\/\/almenrausch-berglern.de\/WordPress_02\/wp-json\/wp\/v2\/categories?post=2156"},{"taxonomy":"post_tag","embeddable":true,"href":"https:\/\/almenrausch-berglern.de\/WordPress_02\/wp-json\/wp\/v2\/tags?post=2156"}],"curies":[{"name":"wp","href":"https:\/\/api.w.org\/{rel}","templated":true}]}}