{"id":2207,"date":"2024-04-15T17:12:51","date_gmt":"2024-04-15T17:12:51","guid":{"rendered":"https:\/\/almenrausch-berglern.de\/WordPress_02\/?p=2207"},"modified":"2024-04-30T14:46:16","modified_gmt":"2024-04-30T14:46:16","slug":"bericht-zur-generalversammlung-vom-28-08-2020-2","status":"publish","type":"post","link":"https:\/\/almenrausch-berglern.de\/WordPress_02\/generalversammlung-vom-14042024\/","title":{"rendered":"Generalversammlung vom 14.04.2024"},"content":{"rendered":"\r\n<p>Mit der Generalversammlung der Almenrausch-Sch\u00fctzen am 14.04.2024 im Sport- und Sch\u00fctzenheim wurde der gewohnte Termin-Rhythmus f\u00fcr die wichtige Vereinsversammlung wiederhergestellt.&nbsp;<\/p>\r\n\r\n\r\n\r\n<p>In den Jahresberichten wurden somit die Jahre 2022 und 2023 zusammengefasst dargestellt. Der erste Sch\u00fctzenmeister Nikolaus Fellermeier berichtete \u00fcber ausgefallene und durchgef\u00fchrte Veranstaltungen und \u00fcber Probleme, gen\u00fcgend Helfer f\u00fcr die Durchf\u00fchrung der Veranstaltungen zu finden. Dabei appellierte er an die Mitglieder, sich fr\u00fchzeitig in die zur Verf\u00fcgung gestellten Helferlisten einzutragen. Deutlich dargestellt wurden die Konsequenzen von ausgefallenen Veranstaltungen im Kassenbericht von Konrad Blasi. In der Zusammenfassung der beiden Jahre konnte er dann noch von einem insgesamt positiven Ergebnis berichten.<\/p>\r\n<p>In den Ausf\u00fchrungen des Sportleiters wurde vom Abstieg der ersten Mannschaft aus der Gauliga und dem Wiederaufstieg der Auflagemannschaft in die A-Klasse berichtet.<\/p>\r\n<p>Nach dem Bericht der Kassenpr\u00fcfer durch Rudolf Bauer wurde die Vorstandschaft durch einstimmiges Votum entlastet.<\/p>\r\n<p>Bei den turnusm\u00e4ssigen Neuwahlen wurden verschiedene Almenrausch-Sch\u00fctzen wieder in ihre \u00c4mter gew\u00e4hlt und einzelne \u00c4mter neu besetzt.<\/p>\r\n<div id=\"attachment_2210\" style=\"width: 1245px\" class=\"wp-caption alignnone\"><img loading=\"lazy\" decoding=\"async\" aria-describedby=\"caption-attachment-2210\" class=\"wp-image-2210 size-full\" src=\"https:\/\/almenrausch-berglern.de\/WordPress_02\/wp-content\/uploads\/2020\/09\/alb_schuetzenmeisteramt_2024.jpg\" alt=\"\" width=\"1235\" height=\"905\" srcset=\"https:\/\/almenrausch-berglern.de\/WordPress_02\/wp-content\/uploads\/2020\/09\/alb_schuetzenmeisteramt_2024.jpg 1235w, https:\/\/almenrausch-berglern.de\/WordPress_02\/wp-content\/uploads\/2020\/09\/alb_schuetzenmeisteramt_2024-300x220.jpg 300w, https:\/\/almenrausch-berglern.de\/WordPress_02\/wp-content\/uploads\/2020\/09\/alb_schuetzenmeisteramt_2024-1024x750.jpg 1024w, https:\/\/almenrausch-berglern.de\/WordPress_02\/wp-content\/uploads\/2020\/09\/alb_schuetzenmeisteramt_2024-768x563.jpg 768w\" sizes=\"auto, (max-width: 1235px) 100vw, 1235px\" \/><p id=\"caption-attachment-2210\" class=\"wp-caption-text\">Das neue Sch\u00fctzenmeisteramt: Konrad Blasi (1. Kassier), Heike Schr\u00f6ter (1. Schriftf\u00fchrerin), Ludwig Held (1. Sportleiter), Alex Schr\u00f6ter (2. Sch\u00fctzenmeister), Nikolaus Fellermeier (1. Sch\u00fctzenmeister)<\/p><\/div>\r\n<p>Die Neuwahlen wurden wieder unter bew\u00e4hrter Regie von Herbert Knur durchgef\u00fchrt. Die Neuwahlen brachten folgende Ergebnisse:<br>Der erste Sch\u00fctzenmeister Nikolaus Fellermeier, der zweite Sch\u00fctzenmeister Alexander Schr\u00f6ter, der erste Kassier Konrad Blasi, der zweite Kassier Armin Fr\u00f6mmel, der erste Sportleiter Ludwig Held wurden in ihren \u00c4mtern best\u00e4tigt. Neue erste Schriftf\u00fchrerin ist Heike Schr\u00f6ter, die von Ansgar Bodenberger \u00fcbernimmt. Jugend und Damen haben sich zum Teil neu aufgestellt: Zur Jugendleiterin wurde Lena Brandlmeier gew\u00e4hlt, das Amt der zweiten Jugendleiterin \u00fcbernimmt Franziska Wimmer. Als 1. Damenleiterin \u00fcbernimmt Stefanie Melerowitz von Hermine Kressierer, als 2. Damenleiterin wurde Rosmarie Eberl best\u00e4tigt.<\/p>\r\n<p>Die Pr\u00fcfung der Kasse bleibt in den erfahrenen H\u00e4nden von Rudolf Bauer und Nikolaus Hintermaier. Der Beirat setzt sich k\u00fcnftig aus Ansgar Bodenberger, Heinrich Bauer, Otmar Lerch, Uwe Lerch, Willi St\u00fcrzl, Holger Lehmann, Markus Rittler, Stephan Bichlmaier, Peter Eicher, Wolfgang Kolb, Melanie Stranninger und Michael Eberl zusammen.<br>Siehe: <a href=\"https:\/\/almenrausch-berglern.de\/WordPress_02\/vereinsbeitrag\/vorstand-14042024\/\">Vorstand \u2013 14.04.2024<\/a><\/p>\r\n<p>Der erste Sch\u00fctzenmeister Nikolaus Fellermeier berichtete \u00fcber die Beitragssituation. Die \u00fcbergeordneten Verbandsstrukturen haben f\u00fcr 2025 eine Beitragserh\u00f6hung angek\u00fcndigt. In Anbetracht dieser Situation schlug er der Mitgliederversammlung vor, die Beitr\u00e4ge f\u00fcr 2024 stabil zu belassen, was durch die Mitgliederversammlung einstimmig beschlossen wurde.<\/p>\r\n<p>Zum Abschluss der Generalversammlung wurden verschiedene Verbandsehrungen durch den 2. Gausch\u00fctzenmeister Erich Bottesch und den Ehrungsbeauftragen Heinz Reese durchgef\u00fchrt:<\/p>\r\n<p><img loading=\"lazy\" decoding=\"async\" class=\"alignnone size-full wp-image-2213\" src=\"https:\/\/almenrausch-berglern.de\/WordPress_02\/wp-content\/uploads\/2020\/09\/alb_verbandsehrungen_2024.jpg\" alt=\"\" width=\"970\" height=\"471\" srcset=\"https:\/\/almenrausch-berglern.de\/WordPress_02\/wp-content\/uploads\/2020\/09\/alb_verbandsehrungen_2024.jpg 970w, https:\/\/almenrausch-berglern.de\/WordPress_02\/wp-content\/uploads\/2020\/09\/alb_verbandsehrungen_2024-300x146.jpg 300w, https:\/\/almenrausch-berglern.de\/WordPress_02\/wp-content\/uploads\/2020\/09\/alb_verbandsehrungen_2024-768x373.jpg 768w\" sizes=\"auto, (max-width: 970px) 100vw, 970px\" \/><\/p>\r\n\r\n\r\n\r\n<p>Presse:<\/p>\r\n<p><a href=\"https:\/\/almenrausch-berglern.de\/WordPress_02\/presseartikel\/bericht-erdinger-anzeiger-vom-27042024-generalversammlung-14042024\/\">Bericht Erdinger Anzeiger vom 27.04.2024 Generalversammlung 14.04.2024<\/a><\/p>\r\n","protected":false},"excerpt":{"rendered":"<p>Mit der Generalversammlung der Almenrausch-Sch\u00fctzen am 14.04.2024 im Sport- und Sch\u00fctzenheim wurde der gewohnte Termin-Rhythmus f\u00fcr die wichtige Vereinsversammlung wiederhergestellt.&nbsp; In den Jahresberichten wurden somit die Jahre 2022 und 2023 zusammengefasst dargestellt. Der erste Sch\u00fctzenmeister Nikolaus Fellermeier berichtete \u00fcber ausgefallene <span class=\"excerpt-dots\">&hellip;<\/span> <a class=\"more-link\" href=\"https:\/\/almenrausch-berglern.de\/WordPress_02\/generalversammlung-vom-14042024\/\"><span class=\"more-msg\">Hier weiterlesen &#8230;<\/span><\/a><\/p>\n","protected":false},"author":1,"featured_media":0,"comment_status":"closed","ping_status":"closed","sticky":false,"template":"","format":"standard","meta":{"ngg_post_thumbnail":0,"footnotes":""},"categories":[1],"tags":[],"class_list":["post-2207","post","type-post","status-publish","format-standard","hentry","category-allgemein"],"yoast_head":"<!-- This site is optimized with the Yoast SEO plugin v27.2 - https:\/\/yoast.com\/product\/yoast-seo-wordpress\/ -->\n<title>Generalversammlung vom 14.04.2024 - SG Almenrausch Berglern e.V.<\/title>\n<meta name=\"robots\" content=\"index, follow, max-snippet:-1, max-image-preview:large, max-video-preview:-1\" \/>\n<link rel=\"canonical\" href=\"https:\/\/almenrausch-berglern.de\/WordPress_02\/generalversammlung-vom-14042024\/\" \/>\n<meta property=\"og:locale\" content=\"de_DE\" \/>\n<meta property=\"og:type\" content=\"article\" \/>\n<meta property=\"og:title\" content=\"Generalversammlung vom 14.04.2024 - SG Almenrausch Berglern e.V.\" \/>\n<meta property=\"og:description\" content=\"Mit der Generalversammlung der Almenrausch-Sch\u00fctzen am 14.04.2024 im Sport- und Sch\u00fctzenheim wurde der gewohnte Termin-Rhythmus f\u00fcr die wichtige Vereinsversammlung wiederhergestellt.&nbsp; In den Jahresberichten wurden somit die Jahre 2022 und 2023 zusammengefasst dargestellt. Der erste Sch\u00fctzenmeister Nikolaus Fellermeier berichtete \u00fcber ausgefallene &hellip; Hier weiterlesen ...\" \/>\n<meta property=\"og:url\" content=\"https:\/\/almenrausch-berglern.de\/WordPress_02\/generalversammlung-vom-14042024\/\" \/>\n<meta property=\"og:site_name\" content=\"SG Almenrausch Berglern e.V.\" \/>\n<meta property=\"article:published_time\" content=\"2024-04-15T17:12:51+00:00\" \/>\n<meta property=\"article:modified_time\" content=\"2024-04-30T14:46:16+00:00\" \/>\n<meta property=\"og:image\" content=\"https:\/\/almenrausch-berglern.de\/WordPress_02\/wp-content\/uploads\/2020\/09\/alb_schuetzenmeisteramt_2024.jpg\" \/>\n<meta name=\"author\" content=\"willi\" \/>\n<meta name=\"twitter:card\" content=\"summary_large_image\" \/>\n<meta name=\"twitter:label1\" content=\"Verfasst von\" \/>\n\t<meta name=\"twitter:data1\" content=\"willi\" \/>\n\t<meta name=\"twitter:label2\" content=\"Gesch\u00e4tzte Lesezeit\" \/>\n\t<meta name=\"twitter:data2\" content=\"3\u00a0Minuten\" \/>\n<script type=\"application\/ld+json\" class=\"yoast-schema-graph\">{\"@context\":\"https:\/\/schema.org\",\"@graph\":[{\"@type\":\"Article\",\"@id\":\"https:\/\/almenrausch-berglern.de\/WordPress_02\/generalversammlung-vom-14042024\/#article\",\"isPartOf\":{\"@id\":\"https:\/\/almenrausch-berglern.de\/WordPress_02\/generalversammlung-vom-14042024\/\"},\"author\":{\"name\":\"willi\",\"@id\":\"https:\/\/almenrausch-berglern.de\/WordPress_02\/#\/schema\/person\/afcf016c71e544dd07a246a131e0dc7c\"},\"headline\":\"Generalversammlung vom 14.04.2024\",\"datePublished\":\"2024-04-15T17:12:51+00:00\",\"dateModified\":\"2024-04-30T14:46:16+00:00\",\"mainEntityOfPage\":{\"@id\":\"https:\/\/almenrausch-berglern.de\/WordPress_02\/generalversammlung-vom-14042024\/\"},\"wordCount\":429,\"image\":{\"@id\":\"https:\/\/almenrausch-berglern.de\/WordPress_02\/generalversammlung-vom-14042024\/#primaryimage\"},\"thumbnailUrl\":\"https:\/\/almenrausch-berglern.de\/WordPress_02\/wp-content\/uploads\/2020\/09\/alb_schuetzenmeisteramt_2024.jpg\",\"inLanguage\":\"de\"},{\"@type\":\"WebPage\",\"@id\":\"https:\/\/almenrausch-berglern.de\/WordPress_02\/generalversammlung-vom-14042024\/\",\"url\":\"https:\/\/almenrausch-berglern.de\/WordPress_02\/generalversammlung-vom-14042024\/\",\"name\":\"Generalversammlung vom 14.04.2024 - SG Almenrausch Berglern e.V.\",\"isPartOf\":{\"@id\":\"https:\/\/almenrausch-berglern.de\/WordPress_02\/#website\"},\"primaryImageOfPage\":{\"@id\":\"https:\/\/almenrausch-berglern.de\/WordPress_02\/generalversammlung-vom-14042024\/#primaryimage\"},\"image\":{\"@id\":\"https:\/\/almenrausch-berglern.de\/WordPress_02\/generalversammlung-vom-14042024\/#primaryimage\"},\"thumbnailUrl\":\"https:\/\/almenrausch-berglern.de\/WordPress_02\/wp-content\/uploads\/2020\/09\/alb_schuetzenmeisteramt_2024.jpg\",\"datePublished\":\"2024-04-15T17:12:51+00:00\",\"dateModified\":\"2024-04-30T14:46:16+00:00\",\"author\":{\"@id\":\"https:\/\/almenrausch-berglern.de\/WordPress_02\/#\/schema\/person\/afcf016c71e544dd07a246a131e0dc7c\"},\"breadcrumb\":{\"@id\":\"https:\/\/almenrausch-berglern.de\/WordPress_02\/generalversammlung-vom-14042024\/#breadcrumb\"},\"inLanguage\":\"de\",\"potentialAction\":[{\"@type\":\"ReadAction\",\"target\":[\"https:\/\/almenrausch-berglern.de\/WordPress_02\/generalversammlung-vom-14042024\/\"]}]},{\"@type\":\"ImageObject\",\"inLanguage\":\"de\",\"@id\":\"https:\/\/almenrausch-berglern.de\/WordPress_02\/generalversammlung-vom-14042024\/#primaryimage\",\"url\":\"https:\/\/almenrausch-berglern.de\/WordPress_02\/wp-content\/uploads\/2020\/09\/alb_schuetzenmeisteramt_2024.jpg\",\"contentUrl\":\"https:\/\/almenrausch-berglern.de\/WordPress_02\/wp-content\/uploads\/2020\/09\/alb_schuetzenmeisteramt_2024.jpg\",\"width\":1235,\"height\":905,\"caption\":\"Das neue Sch\u00fctzenmeisteramt: Konrad Blasi (1. Kassier)\"},{\"@type\":\"BreadcrumbList\",\"@id\":\"https:\/\/almenrausch-berglern.de\/WordPress_02\/generalversammlung-vom-14042024\/#breadcrumb\",\"itemListElement\":[{\"@type\":\"ListItem\",\"position\":1,\"name\":\"Startseite\",\"item\":\"https:\/\/almenrausch-berglern.de\/WordPress_02\/\"},{\"@type\":\"ListItem\",\"position\":2,\"name\":\"Generalversammlung vom 14.04.2024\"}]},{\"@type\":\"WebSite\",\"@id\":\"https:\/\/almenrausch-berglern.de\/WordPress_02\/#website\",\"url\":\"https:\/\/almenrausch-berglern.de\/WordPress_02\/\",\"name\":\"SG Almenrausch Berglern e.V.\",\"description\":\"\",\"potentialAction\":[{\"@type\":\"SearchAction\",\"target\":{\"@type\":\"EntryPoint\",\"urlTemplate\":\"https:\/\/almenrausch-berglern.de\/WordPress_02\/?s={search_term_string}\"},\"query-input\":{\"@type\":\"PropertyValueSpecification\",\"valueRequired\":true,\"valueName\":\"search_term_string\"}}],\"inLanguage\":\"de\"},{\"@type\":\"Person\",\"@id\":\"https:\/\/almenrausch-berglern.de\/WordPress_02\/#\/schema\/person\/afcf016c71e544dd07a246a131e0dc7c\",\"name\":\"willi\",\"image\":{\"@type\":\"ImageObject\",\"inLanguage\":\"de\",\"@id\":\"https:\/\/secure.gravatar.com\/avatar\/78d5815875c82d87f37eedb609f4c23e9e0832f1a15175689e420693042810d8?s=96&d=mm&r=g\",\"url\":\"https:\/\/secure.gravatar.com\/avatar\/78d5815875c82d87f37eedb609f4c23e9e0832f1a15175689e420693042810d8?s=96&d=mm&r=g\",\"contentUrl\":\"https:\/\/secure.gravatar.com\/avatar\/78d5815875c82d87f37eedb609f4c23e9e0832f1a15175689e420693042810d8?s=96&d=mm&r=g\",\"caption\":\"willi\"}}]}<\/script>\n<!-- \/ Yoast SEO plugin. -->","yoast_head_json":{"title":"Generalversammlung vom 14.04.2024 - SG Almenrausch Berglern e.V.","robots":{"index":"index","follow":"follow","max-snippet":"max-snippet:-1","max-image-preview":"max-image-preview:large","max-video-preview":"max-video-preview:-1"},"canonical":"https:\/\/almenrausch-berglern.de\/WordPress_02\/generalversammlung-vom-14042024\/","og_locale":"de_DE","og_type":"article","og_title":"Generalversammlung vom 14.04.2024 - SG Almenrausch Berglern e.V.","og_description":"Mit der Generalversammlung der Almenrausch-Sch\u00fctzen am 14.04.2024 im Sport- und Sch\u00fctzenheim wurde der gewohnte Termin-Rhythmus f\u00fcr die wichtige Vereinsversammlung wiederhergestellt.&nbsp; In den Jahresberichten wurden somit die Jahre 2022 und 2023 zusammengefasst dargestellt. Der erste Sch\u00fctzenmeister Nikolaus Fellermeier berichtete \u00fcber ausgefallene &hellip; Hier weiterlesen ...","og_url":"https:\/\/almenrausch-berglern.de\/WordPress_02\/generalversammlung-vom-14042024\/","og_site_name":"SG Almenrausch Berglern e.V.","article_published_time":"2024-04-15T17:12:51+00:00","article_modified_time":"2024-04-30T14:46:16+00:00","og_image":[{"url":"https:\/\/almenrausch-berglern.de\/WordPress_02\/wp-content\/uploads\/2020\/09\/alb_schuetzenmeisteramt_2024.jpg","type":"","width":"","height":""}],"author":"willi","twitter_card":"summary_large_image","twitter_misc":{"Verfasst von":"willi","Gesch\u00e4tzte Lesezeit":"3\u00a0Minuten"},"schema":{"@context":"https:\/\/schema.org","@graph":[{"@type":"Article","@id":"https:\/\/almenrausch-berglern.de\/WordPress_02\/generalversammlung-vom-14042024\/#article","isPartOf":{"@id":"https:\/\/almenrausch-berglern.de\/WordPress_02\/generalversammlung-vom-14042024\/"},"author":{"name":"willi","@id":"https:\/\/almenrausch-berglern.de\/WordPress_02\/#\/schema\/person\/afcf016c71e544dd07a246a131e0dc7c"},"headline":"Generalversammlung vom 14.04.2024","datePublished":"2024-04-15T17:12:51+00:00","dateModified":"2024-04-30T14:46:16+00:00","mainEntityOfPage":{"@id":"https:\/\/almenrausch-berglern.de\/WordPress_02\/generalversammlung-vom-14042024\/"},"wordCount":429,"image":{"@id":"https:\/\/almenrausch-berglern.de\/WordPress_02\/generalversammlung-vom-14042024\/#primaryimage"},"thumbnailUrl":"https:\/\/almenrausch-berglern.de\/WordPress_02\/wp-content\/uploads\/2020\/09\/alb_schuetzenmeisteramt_2024.jpg","inLanguage":"de"},{"@type":"WebPage","@id":"https:\/\/almenrausch-berglern.de\/WordPress_02\/generalversammlung-vom-14042024\/","url":"https:\/\/almenrausch-berglern.de\/WordPress_02\/generalversammlung-vom-14042024\/","name":"Generalversammlung vom 14.04.2024 - SG Almenrausch Berglern e.V.","isPartOf":{"@id":"https:\/\/almenrausch-berglern.de\/WordPress_02\/#website"},"primaryImageOfPage":{"@id":"https:\/\/almenrausch-berglern.de\/WordPress_02\/generalversammlung-vom-14042024\/#primaryimage"},"image":{"@id":"https:\/\/almenrausch-berglern.de\/WordPress_02\/generalversammlung-vom-14042024\/#primaryimage"},"thumbnailUrl":"https:\/\/almenrausch-berglern.de\/WordPress_02\/wp-content\/uploads\/2020\/09\/alb_schuetzenmeisteramt_2024.jpg","datePublished":"2024-04-15T17:12:51+00:00","dateModified":"2024-04-30T14:46:16+00:00","author":{"@id":"https:\/\/almenrausch-berglern.de\/WordPress_02\/#\/schema\/person\/afcf016c71e544dd07a246a131e0dc7c"},"breadcrumb":{"@id":"https:\/\/almenrausch-berglern.de\/WordPress_02\/generalversammlung-vom-14042024\/#breadcrumb"},"inLanguage":"de","potentialAction":[{"@type":"ReadAction","target":["https:\/\/almenrausch-berglern.de\/WordPress_02\/generalversammlung-vom-14042024\/"]}]},{"@type":"ImageObject","inLanguage":"de","@id":"https:\/\/almenrausch-berglern.de\/WordPress_02\/generalversammlung-vom-14042024\/#primaryimage","url":"https:\/\/almenrausch-berglern.de\/WordPress_02\/wp-content\/uploads\/2020\/09\/alb_schuetzenmeisteramt_2024.jpg","contentUrl":"https:\/\/almenrausch-berglern.de\/WordPress_02\/wp-content\/uploads\/2020\/09\/alb_schuetzenmeisteramt_2024.jpg","width":1235,"height":905,"caption":"Das neue Sch\u00fctzenmeisteramt: Konrad Blasi (1. Kassier)"},{"@type":"BreadcrumbList","@id":"https:\/\/almenrausch-berglern.de\/WordPress_02\/generalversammlung-vom-14042024\/#breadcrumb","itemListElement":[{"@type":"ListItem","position":1,"name":"Startseite","item":"https:\/\/almenrausch-berglern.de\/WordPress_02\/"},{"@type":"ListItem","position":2,"name":"Generalversammlung vom 14.04.2024"}]},{"@type":"WebSite","@id":"https:\/\/almenrausch-berglern.de\/WordPress_02\/#website","url":"https:\/\/almenrausch-berglern.de\/WordPress_02\/","name":"SG Almenrausch Berglern e.V.","description":"","potentialAction":[{"@type":"SearchAction","target":{"@type":"EntryPoint","urlTemplate":"https:\/\/almenrausch-berglern.de\/WordPress_02\/?s={search_term_string}"},"query-input":{"@type":"PropertyValueSpecification","valueRequired":true,"valueName":"search_term_string"}}],"inLanguage":"de"},{"@type":"Person","@id":"https:\/\/almenrausch-berglern.de\/WordPress_02\/#\/schema\/person\/afcf016c71e544dd07a246a131e0dc7c","name":"willi","image":{"@type":"ImageObject","inLanguage":"de","@id":"https:\/\/secure.gravatar.com\/avatar\/78d5815875c82d87f37eedb609f4c23e9e0832f1a15175689e420693042810d8?s=96&d=mm&r=g","url":"https:\/\/secure.gravatar.com\/avatar\/78d5815875c82d87f37eedb609f4c23e9e0832f1a15175689e420693042810d8?s=96&d=mm&r=g","contentUrl":"https:\/\/secure.gravatar.com\/avatar\/78d5815875c82d87f37eedb609f4c23e9e0832f1a15175689e420693042810d8?s=96&d=mm&r=g","caption":"willi"}}]}},"views":772,"publishpress_future_action":{"enabled":false,"date":"2026-05-07 19:04:31","action":"change-status","newStatus":"draft","terms":[],"taxonomy":"category","extraData":[]},"publishpress_future_workflow_manual_trigger":{"enabledWorkflows":[]},"_links":{"self":[{"href":"https:\/\/almenrausch-berglern.de\/WordPress_02\/wp-json\/wp\/v2\/posts\/2207","targetHints":{"allow":["GET"]}}],"collection":[{"href":"https:\/\/almenrausch-berglern.de\/WordPress_02\/wp-json\/wp\/v2\/posts"}],"about":[{"href":"https:\/\/almenrausch-berglern.de\/WordPress_02\/wp-json\/wp\/v2\/types\/post"}],"author":[{"embeddable":true,"href":"https:\/\/almenrausch-berglern.de\/WordPress_02\/wp-json\/wp\/v2\/users\/1"}],"replies":[{"embeddable":true,"href":"https:\/\/almenrausch-berglern.de\/WordPress_02\/wp-json\/wp\/v2\/comments?post=2207"}],"version-history":[{"count":7,"href":"https:\/\/almenrausch-berglern.de\/WordPress_02\/wp-json\/wp\/v2\/posts\/2207\/revisions"}],"predecessor-version":[{"id":2226,"href":"https:\/\/almenrausch-berglern.de\/WordPress_02\/wp-json\/wp\/v2\/posts\/2207\/revisions\/2226"}],"wp:attachment":[{"href":"https:\/\/almenrausch-berglern.de\/WordPress_02\/wp-json\/wp\/v2\/media?parent=2207"}],"wp:term":[{"taxonomy":"category","embeddable":true,"href":"https:\/\/almenrausch-berglern.de\/WordPress_02\/wp-json\/wp\/v2\/categories?post=2207"},{"taxonomy":"post_tag","embeddable":true,"href":"https:\/\/almenrausch-berglern.de\/WordPress_02\/wp-json\/wp\/v2\/tags?post=2207"}],"curies":[{"name":"wp","href":"https:\/\/api.w.org\/{rel}","templated":true}]}}