{"id":2465,"date":"2026-03-10T10:58:51","date_gmt":"2026-03-10T10:58:51","guid":{"rendered":"https:\/\/almenrausch-berglern.de\/WordPress_02\/?p=2465"},"modified":"2026-03-14T11:15:26","modified_gmt":"2026-03-14T11:15:26","slug":"einladung-zur-generalversammlung-mit-neuwahlen-am-15-03-2026","status":"publish","type":"post","link":"https:\/\/almenrausch-berglern.de\/WordPress_02\/einladung-zur-generalversammlung-mit-neuwahlen-am-15032026\/","title":{"rendered":"Einladung zur Generalversammlung mit Neuwahlen am 15.03.2026"},"content":{"rendered":"\r\n<p>Am <strong>15.03.2026, 19:00 Uhr<\/strong> findet <strong>in Sport- und Sch\u00fctzenheim<\/strong> in Berglern die <strong>Generalversammlung mit Neuwahlen<\/strong>&nbsp;der Almenrausch-Sch\u00fctzen statt.<\/p>\r\n\r\n\r\n\r\n<p><strong>Tagesordnung:<\/strong><\/p>\r\n\r\n\r\n\r\n<ol class=\"wp-block-list\">\r\n<li>Begr\u00fc\u00dfung und Er\u00f6ffnung der Versammlung<\/li>\r\n<li>Gedenken der verstorbenen Mitglieder<\/li>\r\n<li>Genehmigung der Tagesordnung<\/li>\r\n<li>Jahresberichte\r\n<ol type=\"a\">\r\n<li>des 1.Sch\u00fctzenmeisters \u00fcber das Jahr 2025<\/li>\r\n<li>des 1.Schatzmeister \u00fcber die Jahresrechnung 2025<\/li>\r\n<li>des 1.Sportleiters<\/li>\r\n<li>des 1.Jugendleiters<\/li>\r\n<li>Bericht der Rechnungspr\u00fcfer<\/li>\r\n<\/ol>\r\n<\/li>\r\n<li>Entlastung des Sch\u00fctzenmeisteramtes auf Antrag der Rechnungspr\u00fcfer<\/li>\r\n<li>Bildung eines Wahlausschusses<\/li>\r\n<li>Wahl der gesamten Vorstandschaft und des Beirates<\/li>\r\n<li>Festlegung des Jahresbeitrages<\/li>\r\n<li>Antr\u00e4ge \u2013 diese m\u00fcssen bis sp\u00e4testens 01.03.2026 beim 1. Sch\u00fctzenmeister eingegangen sein<\/li>\r\n<li>Termine<\/li>\r\n<li>Verschiedenes \u2013 Anregungen<\/li>\r\n<\/ol>\r\n\r\n\r\n\r\n<p><br>Mit freundlichem Sch\u00fctzengru\u00df<\/p>\r\n<table style=\"border: none;\">\r\n<tbody>\r\n<tr>\r\n<td style=\"border: none;\">Nikolaus Fellermeier<\/td>\r\n<td style=\"border: none;\">&nbsp;&nbsp;&nbsp;&nbsp;&nbsp;&nbsp;&nbsp;<\/td>\r\n<td style=\"border: none;\">Heike Schr\u00f6ter<\/td>\r\n<td style=\"border: none;\">&nbsp;&nbsp;&nbsp;&nbsp;&nbsp;&nbsp;&nbsp;<\/td>\r\n<\/tr>\r\n<tr>\r\n<td style=\"border: none;\">1. Sch\u00fctzenmeister<\/td>\r\n<td style=\"border: none;\">&nbsp;<\/td>\r\n<td style=\"border: none;\">1. Schriftf\u00fchrerin<\/td>\r\n<td style=\"border: none;\">&nbsp;&nbsp;&nbsp;&nbsp;&nbsp;&nbsp;&nbsp;<\/td>\r\n<\/tr>\r\n<\/tbody>\r\n<\/table>\r\n<p>&nbsp;<\/p>\r\n\r\n\r\n\r\n<p><b>Fahnenrestaurierung:<\/b><br>Unsere Fahne w\u00fcrde sich freuen, wieder in neuem Glanz erstrahlen zu k\u00f6nnen. Dazu m\u00f6chten wir sie gerne reinigen und reparieren lassen. Dies ist leider mit hohen Kosten verbunden. Wir bitten daher alle Mitglieder um eine Spende auf das<br>Konto: DE29 7016 9605 0004 4111 53<br>BIC: GENODEF1ISE<br>Verwendungszweck: Spende f\u00fcr Fahnenrestaurierung<br><br><b>Wichtige Terminhinweise:<\/b><br>13.03.2026 1. K\u00f6nigsschie\u00dfen<br>15.03.2026&nbsp;<span class=\"il\">Generalversammlung<\/span><br>20.03.2026 2. K\u00f6nigsschie\u00dfen<br>21.03.2026 Ramadama<br>27.03.2026 Ostereierschie\u00dfen<br>01.05.2026 Saisonabschlussfeier<br>20.06.2026 Sonnwendfeier (geplant)<br>12.07.2026 Sautrogrennen (geplant)<br>25.07.2026 Vereinsausflug nach Burghausen<br>11.09.2026 Anfangsschie\u00dfen<\/p>\r\n","protected":false},"excerpt":{"rendered":"<p>Am 15.03.2026, 19:00 Uhr findet in Sport- und Sch\u00fctzenheim in Berglern die Generalversammlung mit Neuwahlen&nbsp;der Almenrausch-Sch\u00fctzen statt. Tagesordnung: Begr\u00fc\u00dfung und Er\u00f6ffnung der Versammlung Gedenken der verstorbenen Mitglieder Genehmigung der Tagesordnung Jahresberichte des 1.Sch\u00fctzenmeisters \u00fcber das Jahr 2025 des 1.Schatzmeister \u00fcber <span class=\"excerpt-dots\">&hellip;<\/span> <a class=\"more-link\" href=\"https:\/\/almenrausch-berglern.de\/WordPress_02\/einladung-zur-generalversammlung-mit-neuwahlen-am-15032026\/\"><span class=\"more-msg\">Hier weiterlesen &#8230;<\/span><\/a><\/p>\n","protected":false},"author":1,"featured_media":304,"comment_status":"closed","ping_status":"closed","sticky":false,"template":"","format":"standard","meta":{"ngg_post_thumbnail":0,"footnotes":""},"categories":[1],"tags":[],"class_list":["post-2465","post","type-post","status-publish","format-standard","has-post-thumbnail","hentry","category-allgemein"],"yoast_head":"<!-- This site is optimized with the Yoast SEO plugin v27.2 - https:\/\/yoast.com\/product\/yoast-seo-wordpress\/ -->\n<title>Einladung zur Generalversammlung mit Neuwahlen am 15.03.2026 - SG Almenrausch Berglern e.V.<\/title>\n<meta name=\"robots\" content=\"index, follow, max-snippet:-1, max-image-preview:large, max-video-preview:-1\" \/>\n<link rel=\"canonical\" href=\"https:\/\/almenrausch-berglern.de\/WordPress_02\/einladung-zur-generalversammlung-mit-neuwahlen-am-15032026\/\" \/>\n<meta property=\"og:locale\" content=\"de_DE\" \/>\n<meta property=\"og:type\" content=\"article\" \/>\n<meta property=\"og:title\" content=\"Einladung zur Generalversammlung mit Neuwahlen am 15.03.2026 - SG Almenrausch Berglern e.V.\" \/>\n<meta property=\"og:description\" content=\"Am 15.03.2026, 19:00 Uhr findet in Sport- und Sch\u00fctzenheim in Berglern die Generalversammlung mit Neuwahlen&nbsp;der Almenrausch-Sch\u00fctzen statt. Tagesordnung: Begr\u00fc\u00dfung und Er\u00f6ffnung der Versammlung Gedenken der verstorbenen Mitglieder Genehmigung der Tagesordnung Jahresberichte des 1.Sch\u00fctzenmeisters \u00fcber das Jahr 2025 des 1.Schatzmeister \u00fcber &hellip; Hier weiterlesen ...\" \/>\n<meta property=\"og:url\" content=\"https:\/\/almenrausch-berglern.de\/WordPress_02\/einladung-zur-generalversammlung-mit-neuwahlen-am-15032026\/\" \/>\n<meta property=\"og:site_name\" content=\"SG Almenrausch Berglern e.V.\" \/>\n<meta property=\"article:published_time\" content=\"2026-03-10T10:58:51+00:00\" \/>\n<meta property=\"article:modified_time\" content=\"2026-03-14T11:15:26+00:00\" \/>\n<meta property=\"og:image\" content=\"https:\/\/almenrausch-berglern.de\/WordPress_02\/wp-content\/uploads\/2017\/04\/alb-logo300.jpg\" \/>\n\t<meta property=\"og:image:width\" content=\"619\" \/>\n\t<meta property=\"og:image:height\" content=\"747\" \/>\n\t<meta property=\"og:image:type\" content=\"image\/jpeg\" \/>\n<meta name=\"author\" content=\"willi\" \/>\n<meta name=\"twitter:card\" content=\"summary_large_image\" \/>\n<meta name=\"twitter:label1\" content=\"Verfasst von\" \/>\n\t<meta name=\"twitter:data1\" content=\"willi\" \/>\n\t<meta name=\"twitter:label2\" content=\"Gesch\u00e4tzte Lesezeit\" \/>\n\t<meta name=\"twitter:data2\" content=\"2\u00a0Minuten\" \/>\n<script type=\"application\/ld+json\" class=\"yoast-schema-graph\">{\"@context\":\"https:\/\/schema.org\",\"@graph\":[{\"@type\":\"Article\",\"@id\":\"https:\/\/almenrausch-berglern.de\/WordPress_02\/einladung-zur-generalversammlung-mit-neuwahlen-am-15032026\/#article\",\"isPartOf\":{\"@id\":\"https:\/\/almenrausch-berglern.de\/WordPress_02\/einladung-zur-generalversammlung-mit-neuwahlen-am-15032026\/\"},\"author\":{\"name\":\"willi\",\"@id\":\"https:\/\/almenrausch-berglern.de\/WordPress_02\/#\/schema\/person\/afcf016c71e544dd07a246a131e0dc7c\"},\"headline\":\"Einladung zur Generalversammlung mit Neuwahlen am 15.03.2026\",\"datePublished\":\"2026-03-10T10:58:51+00:00\",\"dateModified\":\"2026-03-14T11:15:26+00:00\",\"mainEntityOfPage\":{\"@id\":\"https:\/\/almenrausch-berglern.de\/WordPress_02\/einladung-zur-generalversammlung-mit-neuwahlen-am-15032026\/\"},\"wordCount\":207,\"image\":{\"@id\":\"https:\/\/almenrausch-berglern.de\/WordPress_02\/einladung-zur-generalversammlung-mit-neuwahlen-am-15032026\/#primaryimage\"},\"thumbnailUrl\":\"https:\/\/almenrausch-berglern.de\/WordPress_02\/wp-content\/uploads\/2017\/04\/alb-logo300.jpg\",\"inLanguage\":\"de\"},{\"@type\":\"WebPage\",\"@id\":\"https:\/\/almenrausch-berglern.de\/WordPress_02\/einladung-zur-generalversammlung-mit-neuwahlen-am-15032026\/\",\"url\":\"https:\/\/almenrausch-berglern.de\/WordPress_02\/einladung-zur-generalversammlung-mit-neuwahlen-am-15032026\/\",\"name\":\"Einladung zur Generalversammlung mit Neuwahlen am 15.03.2026 - SG Almenrausch Berglern e.V.\",\"isPartOf\":{\"@id\":\"https:\/\/almenrausch-berglern.de\/WordPress_02\/#website\"},\"primaryImageOfPage\":{\"@id\":\"https:\/\/almenrausch-berglern.de\/WordPress_02\/einladung-zur-generalversammlung-mit-neuwahlen-am-15032026\/#primaryimage\"},\"image\":{\"@id\":\"https:\/\/almenrausch-berglern.de\/WordPress_02\/einladung-zur-generalversammlung-mit-neuwahlen-am-15032026\/#primaryimage\"},\"thumbnailUrl\":\"https:\/\/almenrausch-berglern.de\/WordPress_02\/wp-content\/uploads\/2017\/04\/alb-logo300.jpg\",\"datePublished\":\"2026-03-10T10:58:51+00:00\",\"dateModified\":\"2026-03-14T11:15:26+00:00\",\"author\":{\"@id\":\"https:\/\/almenrausch-berglern.de\/WordPress_02\/#\/schema\/person\/afcf016c71e544dd07a246a131e0dc7c\"},\"breadcrumb\":{\"@id\":\"https:\/\/almenrausch-berglern.de\/WordPress_02\/einladung-zur-generalversammlung-mit-neuwahlen-am-15032026\/#breadcrumb\"},\"inLanguage\":\"de\",\"potentialAction\":[{\"@type\":\"ReadAction\",\"target\":[\"https:\/\/almenrausch-berglern.de\/WordPress_02\/einladung-zur-generalversammlung-mit-neuwahlen-am-15032026\/\"]}]},{\"@type\":\"ImageObject\",\"inLanguage\":\"de\",\"@id\":\"https:\/\/almenrausch-berglern.de\/WordPress_02\/einladung-zur-generalversammlung-mit-neuwahlen-am-15032026\/#primaryimage\",\"url\":\"https:\/\/almenrausch-berglern.de\/WordPress_02\/wp-content\/uploads\/2017\/04\/alb-logo300.jpg\",\"contentUrl\":\"https:\/\/almenrausch-berglern.de\/WordPress_02\/wp-content\/uploads\/2017\/04\/alb-logo300.jpg\",\"width\":619,\"height\":747},{\"@type\":\"BreadcrumbList\",\"@id\":\"https:\/\/almenrausch-berglern.de\/WordPress_02\/einladung-zur-generalversammlung-mit-neuwahlen-am-15032026\/#breadcrumb\",\"itemListElement\":[{\"@type\":\"ListItem\",\"position\":1,\"name\":\"Startseite\",\"item\":\"https:\/\/almenrausch-berglern.de\/WordPress_02\/\"},{\"@type\":\"ListItem\",\"position\":2,\"name\":\"Einladung zur Generalversammlung mit Neuwahlen am 15.03.2026\"}]},{\"@type\":\"WebSite\",\"@id\":\"https:\/\/almenrausch-berglern.de\/WordPress_02\/#website\",\"url\":\"https:\/\/almenrausch-berglern.de\/WordPress_02\/\",\"name\":\"SG Almenrausch Berglern e.V.\",\"description\":\"\",\"potentialAction\":[{\"@type\":\"SearchAction\",\"target\":{\"@type\":\"EntryPoint\",\"urlTemplate\":\"https:\/\/almenrausch-berglern.de\/WordPress_02\/?s={search_term_string}\"},\"query-input\":{\"@type\":\"PropertyValueSpecification\",\"valueRequired\":true,\"valueName\":\"search_term_string\"}}],\"inLanguage\":\"de\"},{\"@type\":\"Person\",\"@id\":\"https:\/\/almenrausch-berglern.de\/WordPress_02\/#\/schema\/person\/afcf016c71e544dd07a246a131e0dc7c\",\"name\":\"willi\",\"image\":{\"@type\":\"ImageObject\",\"inLanguage\":\"de\",\"@id\":\"https:\/\/secure.gravatar.com\/avatar\/78d5815875c82d87f37eedb609f4c23e9e0832f1a15175689e420693042810d8?s=96&d=mm&r=g\",\"url\":\"https:\/\/secure.gravatar.com\/avatar\/78d5815875c82d87f37eedb609f4c23e9e0832f1a15175689e420693042810d8?s=96&d=mm&r=g\",\"contentUrl\":\"https:\/\/secure.gravatar.com\/avatar\/78d5815875c82d87f37eedb609f4c23e9e0832f1a15175689e420693042810d8?s=96&d=mm&r=g\",\"caption\":\"willi\"}}]}<\/script>\n<!-- \/ Yoast SEO plugin. -->","yoast_head_json":{"title":"Einladung zur Generalversammlung mit Neuwahlen am 15.03.2026 - SG Almenrausch Berglern e.V.","robots":{"index":"index","follow":"follow","max-snippet":"max-snippet:-1","max-image-preview":"max-image-preview:large","max-video-preview":"max-video-preview:-1"},"canonical":"https:\/\/almenrausch-berglern.de\/WordPress_02\/einladung-zur-generalversammlung-mit-neuwahlen-am-15032026\/","og_locale":"de_DE","og_type":"article","og_title":"Einladung zur Generalversammlung mit Neuwahlen am 15.03.2026 - SG Almenrausch Berglern e.V.","og_description":"Am 15.03.2026, 19:00 Uhr findet in Sport- und Sch\u00fctzenheim in Berglern die Generalversammlung mit Neuwahlen&nbsp;der Almenrausch-Sch\u00fctzen statt. Tagesordnung: Begr\u00fc\u00dfung und Er\u00f6ffnung der Versammlung Gedenken der verstorbenen Mitglieder Genehmigung der Tagesordnung Jahresberichte des 1.Sch\u00fctzenmeisters \u00fcber das Jahr 2025 des 1.Schatzmeister \u00fcber &hellip; Hier weiterlesen ...","og_url":"https:\/\/almenrausch-berglern.de\/WordPress_02\/einladung-zur-generalversammlung-mit-neuwahlen-am-15032026\/","og_site_name":"SG Almenrausch Berglern e.V.","article_published_time":"2026-03-10T10:58:51+00:00","article_modified_time":"2026-03-14T11:15:26+00:00","og_image":[{"width":619,"height":747,"url":"https:\/\/almenrausch-berglern.de\/WordPress_02\/wp-content\/uploads\/2017\/04\/alb-logo300.jpg","type":"image\/jpeg"}],"author":"willi","twitter_card":"summary_large_image","twitter_misc":{"Verfasst von":"willi","Gesch\u00e4tzte Lesezeit":"2\u00a0Minuten"},"schema":{"@context":"https:\/\/schema.org","@graph":[{"@type":"Article","@id":"https:\/\/almenrausch-berglern.de\/WordPress_02\/einladung-zur-generalversammlung-mit-neuwahlen-am-15032026\/#article","isPartOf":{"@id":"https:\/\/almenrausch-berglern.de\/WordPress_02\/einladung-zur-generalversammlung-mit-neuwahlen-am-15032026\/"},"author":{"name":"willi","@id":"https:\/\/almenrausch-berglern.de\/WordPress_02\/#\/schema\/person\/afcf016c71e544dd07a246a131e0dc7c"},"headline":"Einladung zur Generalversammlung mit Neuwahlen am 15.03.2026","datePublished":"2026-03-10T10:58:51+00:00","dateModified":"2026-03-14T11:15:26+00:00","mainEntityOfPage":{"@id":"https:\/\/almenrausch-berglern.de\/WordPress_02\/einladung-zur-generalversammlung-mit-neuwahlen-am-15032026\/"},"wordCount":207,"image":{"@id":"https:\/\/almenrausch-berglern.de\/WordPress_02\/einladung-zur-generalversammlung-mit-neuwahlen-am-15032026\/#primaryimage"},"thumbnailUrl":"https:\/\/almenrausch-berglern.de\/WordPress_02\/wp-content\/uploads\/2017\/04\/alb-logo300.jpg","inLanguage":"de"},{"@type":"WebPage","@id":"https:\/\/almenrausch-berglern.de\/WordPress_02\/einladung-zur-generalversammlung-mit-neuwahlen-am-15032026\/","url":"https:\/\/almenrausch-berglern.de\/WordPress_02\/einladung-zur-generalversammlung-mit-neuwahlen-am-15032026\/","name":"Einladung zur Generalversammlung mit Neuwahlen am 15.03.2026 - SG Almenrausch Berglern e.V.","isPartOf":{"@id":"https:\/\/almenrausch-berglern.de\/WordPress_02\/#website"},"primaryImageOfPage":{"@id":"https:\/\/almenrausch-berglern.de\/WordPress_02\/einladung-zur-generalversammlung-mit-neuwahlen-am-15032026\/#primaryimage"},"image":{"@id":"https:\/\/almenrausch-berglern.de\/WordPress_02\/einladung-zur-generalversammlung-mit-neuwahlen-am-15032026\/#primaryimage"},"thumbnailUrl":"https:\/\/almenrausch-berglern.de\/WordPress_02\/wp-content\/uploads\/2017\/04\/alb-logo300.jpg","datePublished":"2026-03-10T10:58:51+00:00","dateModified":"2026-03-14T11:15:26+00:00","author":{"@id":"https:\/\/almenrausch-berglern.de\/WordPress_02\/#\/schema\/person\/afcf016c71e544dd07a246a131e0dc7c"},"breadcrumb":{"@id":"https:\/\/almenrausch-berglern.de\/WordPress_02\/einladung-zur-generalversammlung-mit-neuwahlen-am-15032026\/#breadcrumb"},"inLanguage":"de","potentialAction":[{"@type":"ReadAction","target":["https:\/\/almenrausch-berglern.de\/WordPress_02\/einladung-zur-generalversammlung-mit-neuwahlen-am-15032026\/"]}]},{"@type":"ImageObject","inLanguage":"de","@id":"https:\/\/almenrausch-berglern.de\/WordPress_02\/einladung-zur-generalversammlung-mit-neuwahlen-am-15032026\/#primaryimage","url":"https:\/\/almenrausch-berglern.de\/WordPress_02\/wp-content\/uploads\/2017\/04\/alb-logo300.jpg","contentUrl":"https:\/\/almenrausch-berglern.de\/WordPress_02\/wp-content\/uploads\/2017\/04\/alb-logo300.jpg","width":619,"height":747},{"@type":"BreadcrumbList","@id":"https:\/\/almenrausch-berglern.de\/WordPress_02\/einladung-zur-generalversammlung-mit-neuwahlen-am-15032026\/#breadcrumb","itemListElement":[{"@type":"ListItem","position":1,"name":"Startseite","item":"https:\/\/almenrausch-berglern.de\/WordPress_02\/"},{"@type":"ListItem","position":2,"name":"Einladung zur Generalversammlung mit Neuwahlen am 15.03.2026"}]},{"@type":"WebSite","@id":"https:\/\/almenrausch-berglern.de\/WordPress_02\/#website","url":"https:\/\/almenrausch-berglern.de\/WordPress_02\/","name":"SG Almenrausch Berglern e.V.","description":"","potentialAction":[{"@type":"SearchAction","target":{"@type":"EntryPoint","urlTemplate":"https:\/\/almenrausch-berglern.de\/WordPress_02\/?s={search_term_string}"},"query-input":{"@type":"PropertyValueSpecification","valueRequired":true,"valueName":"search_term_string"}}],"inLanguage":"de"},{"@type":"Person","@id":"https:\/\/almenrausch-berglern.de\/WordPress_02\/#\/schema\/person\/afcf016c71e544dd07a246a131e0dc7c","name":"willi","image":{"@type":"ImageObject","inLanguage":"de","@id":"https:\/\/secure.gravatar.com\/avatar\/78d5815875c82d87f37eedb609f4c23e9e0832f1a15175689e420693042810d8?s=96&d=mm&r=g","url":"https:\/\/secure.gravatar.com\/avatar\/78d5815875c82d87f37eedb609f4c23e9e0832f1a15175689e420693042810d8?s=96&d=mm&r=g","contentUrl":"https:\/\/secure.gravatar.com\/avatar\/78d5815875c82d87f37eedb609f4c23e9e0832f1a15175689e420693042810d8?s=96&d=mm&r=g","caption":"willi"}}]}},"views":530,"publishpress_future_action":{"enabled":false,"date":"2026-05-06 13:45:30","action":"change-status","newStatus":"draft","terms":[],"taxonomy":"category","extraData":[]},"publishpress_future_workflow_manual_trigger":{"enabledWorkflows":[]},"_links":{"self":[{"href":"https:\/\/almenrausch-berglern.de\/WordPress_02\/wp-json\/wp\/v2\/posts\/2465","targetHints":{"allow":["GET"]}}],"collection":[{"href":"https:\/\/almenrausch-berglern.de\/WordPress_02\/wp-json\/wp\/v2\/posts"}],"about":[{"href":"https:\/\/almenrausch-berglern.de\/WordPress_02\/wp-json\/wp\/v2\/types\/post"}],"author":[{"embeddable":true,"href":"https:\/\/almenrausch-berglern.de\/WordPress_02\/wp-json\/wp\/v2\/users\/1"}],"replies":[{"embeddable":true,"href":"https:\/\/almenrausch-berglern.de\/WordPress_02\/wp-json\/wp\/v2\/comments?post=2465"}],"version-history":[{"count":6,"href":"https:\/\/almenrausch-berglern.de\/WordPress_02\/wp-json\/wp\/v2\/posts\/2465\/revisions"}],"predecessor-version":[{"id":2471,"href":"https:\/\/almenrausch-berglern.de\/WordPress_02\/wp-json\/wp\/v2\/posts\/2465\/revisions\/2471"}],"wp:featuredmedia":[{"embeddable":true,"href":"https:\/\/almenrausch-berglern.de\/WordPress_02\/wp-json\/wp\/v2\/media\/304"}],"wp:attachment":[{"href":"https:\/\/almenrausch-berglern.de\/WordPress_02\/wp-json\/wp\/v2\/media?parent=2465"}],"wp:term":[{"taxonomy":"category","embeddable":true,"href":"https:\/\/almenrausch-berglern.de\/WordPress_02\/wp-json\/wp\/v2\/categories?post=2465"},{"taxonomy":"post_tag","embeddable":true,"href":"https:\/\/almenrausch-berglern.de\/WordPress_02\/wp-json\/wp\/v2\/tags?post=2465"}],"curies":[{"name":"wp","href":"https:\/\/api.w.org\/{rel}","templated":true}]}}