{"id":2479,"date":"2026-03-18T14:43:30","date_gmt":"2026-03-18T14:43:30","guid":{"rendered":"https:\/\/almenrausch-berglern.de\/WordPress_02\/?p=2479"},"modified":"2026-03-27T10:11:11","modified_gmt":"2026-03-27T10:11:11","slug":"generalversammlung-mit-neuwahlen-am-15-03-2026","status":"publish","type":"post","link":"https:\/\/almenrausch-berglern.de\/WordPress_02\/jahreshauptversammlung-mit-neuwahlen-am-15032026\/","title":{"rendered":"Jahreshauptversammlung  mit Neuwahlen am 15.03.2026"},"content":{"rendered":"<div>Am 15. M\u00e4rz 2026 fand die diesj\u00e4hrige Jahreshauptversammlung unseres Sch\u00fctzenvereins statt. Insgesamt 40 Mitglieder nahmen an der Versammlung teil.<\/div>\n<div>&nbsp;<\/div>\n<div>Sch\u00fctzenmeister Nikolaus Fellermeier begr\u00fc\u00dfte neben den anwesenden Mitgliedern auch die Ehrensch\u00fctzenmeister, Ehrenmitglieder, Sch\u00fctzenk\u00f6nige sowie den ersten B\u00fcrgermeister. Vor der Genehmigung der Tagesordnung gedachten die Anwesenden in einer Schweigeminute dem im vergangenen Jahr verstorbenen Uwe Lerch.<\/div>\n<div>&nbsp;<\/div>\n<div>Im Anschluss folgten die Berichte der Vereinsf\u00fchrung. Der erste Sch\u00fctzenmeister lie\u00df das vergangene Vereinsjahr in chronologischer Form Revue passieren. Mittlerweile fest etabliert ist das Neujahrsb\u00f6llern, gefolgt vom traditionellen Wattturnier, bei dem Hans Kriegmeier und Rudi Bauer ihren Titel aus dem Jahr 2024 erfolgreich verteidigen konnten. Beim j\u00e4hrlichen Ramadama zeigte sich erneut ein erfreulich hoher Einsatz der Mitglieder, wobei insbesondere eine st\u00e4rkere Beteiligung von Kindern und Jugendlichen w\u00fcnschenswert w\u00e4re.<\/div>\n<div>&nbsp;<\/div>\n<div>Ein wichtiges Thema war zudem der neu abgeschlossene \u00dcberlassungsvertrag \u00fcber die Schie\u00dfst\u00e4tte der Almenrausch-Sch\u00fctzen. Die Verhandlungen hierzu zogen sich \u00fcber zwei Jahre hin. In Bezug auf eine noch ausstehende Abl\u00f6se steht der Verein weiterhin in Gespr\u00e4chen mit der Gemeinde.<\/div>\n<div>&nbsp;<\/div>\n<div>Sehr gut besucht war auch die Saisonabschlussfeier mit rund 100 Teilnehmern. Der feierliche Kirchenzug, begleitet von den B\u00f6llersch\u00fctzen, sowie die anschlie\u00dfenden Ehrungen, Preisverleihungen und die K\u00f6nigsproklamation fanden in einem w\u00fcrdigen Rahmen statt. Ein besonderes Highlight f\u00fcr die B\u00f6llersch\u00fctzen war ihr Auftritt beim Abschlussspiel von Thomas M\u00fcller in der Allianz Arena.<\/div>\n<div>&nbsp;<\/div>\n<div>Auch das beliebte Sautrogrennen erfreute sich gro\u00dfer Beliebtheit. Erstmals wurde ein Aperolstand angeboten, der sehr gut angenommen wurde. Dank zahlreicher Helfer und Besucher war das Sautrogrennen ein satter Erfolg. Ebenso wichtige Einnahmequellen stellen die Nikolausfeier und der Adventsmarkt dar. Kassier Konrad Blasi betonte, dass der Verein ohne diese Veranstaltungen finanziell nicht bestehen k\u00f6nnte, da ein gro\u00dfer Teil der Mitgliedsbeitr\u00e4ge direkt an den Gau abgef\u00fchrt wird.<\/div>\n<div>&nbsp;<\/div>\n<div>Sportleiter Ludwig Held zeigte sich mit der Saison 2024\/2025 sehr zufrieden. Besonders erfreulich war die gestiegene Beteiligung an den Schie\u00dfabenden, insbesondere durch die engagierte Jugendarbeit unter der Leitung von Lena Brandlmeier und Franziska Wimmer. Trotz guter Erfolge beim Sektionsschie\u00dfen besteht weiterhin der Wunsch nach noch gr\u00f6\u00dferer Beteiligung. Die Jugendleitung berichtete zudem von zahlreichen Aktivit\u00e4ten, darunter erneut ein Sommerbiathlon im Rahmen des Ferienprogramms.<\/div>\n<div>&nbsp;<\/div>\n<div>Ein zentraler Punkt der Versammlung waren die Neuwahlen, die in bew\u00e4hrter Weise von Herbert Knur geleitet wurden. Nikolaus Fellermeier, Konrad Blasi und Armin Fr\u00f6mmel stellten sich nicht mehr f\u00fcr ihre bisherigen \u00c4mter zur Verf\u00fcgung, sodass wichtige Positionen neu besetzt werden mussten.<\/div>\n<div>&nbsp;<\/div>\n<div>Die Wahlen verliefen harmonisch und f\u00fchrten zu folgendem Ergebnis:<\/div>\n<div>&nbsp;<\/div>\n<ul>\n<li>\n<div>Alexander Schr\u00f6ter \u2013 1. Sch\u00fctzenmeister<\/div>\n<div>&nbsp;<\/div>\n<\/li>\n<li>\n<div>Markus Rittler \u2013 1. Kassier<\/div>\n<div>&nbsp;<\/div>\n<\/li>\n<li>\n<div>Ludwig Held \u2013 1. Sportleiter<\/div>\n<div>&nbsp;<\/div>\n<\/li>\n<li>\n<div>Heike Schr\u00f6ter \u2013 Schriftf\u00fchrerin<\/div>\n<div>&nbsp;<\/div>\n<\/li>\n<li>\n<div>Nikolaus Fellermeier \u2013 2. Sch\u00fctzenmeister<\/div>\n<div>&nbsp;<\/div>\n<\/li>\n<li>\n<div>Stefan Bichlmeier \u2013 2. Kassier<\/div>\n<div>&nbsp;<\/div>\n<\/li>\n<li>\n<div>Uwe Breit \u2013 2. Sportleiter<\/div>\n<div>&nbsp;<\/div>\n<\/li>\n<li>\n<div>Herbert Knur \u2013 2. Schriftf\u00fchrer<\/div>\n<div>&nbsp;<\/div>\n<\/li>\n<\/ul>\n<div>Der neu gew\u00e4hlte Sch\u00fctzenmeister Alexander Schr\u00f6ter kann auf einen erfahrenen und eingespielten Beirat bauen, da nahezu alle Mitglieder weiterhin im Amt bleiben. Neu in den Beirat aufgenommen wurden Konrad Huber und Frank Czyborra, nachdem durch das Ausscheiden von Ansgar Bodenberger und den Tod von Uwe Lerch zwei Pl\u00e4tze frei geworden waren.<\/div>\n<div>&nbsp;<\/div>\n<div>Mit einem starken Team und viel Engagement blickt der Verein optimistisch in die kommenden Jahre.<\/div>\n<div>&nbsp;<\/div>\n<div>\n<div id=\"attachment_2482\" style=\"width: 1072px\" class=\"wp-caption alignnone\"><img loading=\"lazy\" decoding=\"async\" aria-describedby=\"caption-attachment-2482\" class=\"wp-image-2482 size-full\" src=\"https:\/\/almenrausch-berglern.de\/WordPress_02\/wp-content\/uploads\/2026\/03\/alb_wahl_AS_1SM_20260315.jpg\" alt=\"\" width=\"1062\" height=\"914\" srcset=\"https:\/\/almenrausch-berglern.de\/WordPress_02\/wp-content\/uploads\/2026\/03\/alb_wahl_AS_1SM_20260315.jpg 1062w, https:\/\/almenrausch-berglern.de\/WordPress_02\/wp-content\/uploads\/2026\/03\/alb_wahl_AS_1SM_20260315-300x258.jpg 300w, https:\/\/almenrausch-berglern.de\/WordPress_02\/wp-content\/uploads\/2026\/03\/alb_wahl_AS_1SM_20260315-1024x881.jpg 1024w, https:\/\/almenrausch-berglern.de\/WordPress_02\/wp-content\/uploads\/2026\/03\/alb_wahl_AS_1SM_20260315-768x661.jpg 768w\" sizes=\"auto, (max-width: 1062px) 100vw, 1062px\" \/><p id=\"caption-attachment-2482\" class=\"wp-caption-text\">Alexander Schr\u00f6ter \u00fcbernimmt von Nikolaus Fellermeier (Foto: Bernd Spanier)<\/p><\/div>\n<\/div>\n","protected":false},"excerpt":{"rendered":"<p>Am 15. M\u00e4rz 2026 fand die diesj\u00e4hrige Jahreshauptversammlung unseres Sch\u00fctzenvereins statt. Insgesamt 40 Mitglieder nahmen an der Versammlung teil. &nbsp; Sch\u00fctzenmeister Nikolaus Fellermeier begr\u00fc\u00dfte neben den anwesenden Mitgliedern auch die Ehrensch\u00fctzenmeister, Ehrenmitglieder, Sch\u00fctzenk\u00f6nige sowie den ersten B\u00fcrgermeister. Vor der Genehmigung <span class=\"excerpt-dots\">&hellip;<\/span> <a class=\"more-link\" href=\"https:\/\/almenrausch-berglern.de\/WordPress_02\/jahreshauptversammlung-mit-neuwahlen-am-15032026\/\"><span class=\"more-msg\">Hier weiterlesen &#8230;<\/span><\/a><\/p>\n","protected":false},"author":1,"featured_media":304,"comment_status":"closed","ping_status":"closed","sticky":false,"template":"","format":"standard","meta":{"ngg_post_thumbnail":0,"footnotes":""},"categories":[1],"tags":[],"class_list":["post-2479","post","type-post","status-publish","format-standard","has-post-thumbnail","hentry","category-allgemein"],"yoast_head":"<!-- This site is optimized with the Yoast SEO plugin v27.2 - https:\/\/yoast.com\/product\/yoast-seo-wordpress\/ -->\n<title>Jahreshauptversammlung mit Neuwahlen am 15.03.2026 - SG Almenrausch Berglern e.V.<\/title>\n<meta name=\"robots\" content=\"index, follow, max-snippet:-1, max-image-preview:large, max-video-preview:-1\" \/>\n<link rel=\"canonical\" href=\"https:\/\/almenrausch-berglern.de\/WordPress_02\/jahreshauptversammlung-mit-neuwahlen-am-15032026\/\" \/>\n<meta property=\"og:locale\" content=\"de_DE\" \/>\n<meta property=\"og:type\" content=\"article\" \/>\n<meta property=\"og:title\" content=\"Jahreshauptversammlung mit Neuwahlen am 15.03.2026 - SG Almenrausch Berglern e.V.\" \/>\n<meta property=\"og:description\" content=\"Am 15. M\u00e4rz 2026 fand die diesj\u00e4hrige Jahreshauptversammlung unseres Sch\u00fctzenvereins statt. Insgesamt 40 Mitglieder nahmen an der Versammlung teil. &nbsp; Sch\u00fctzenmeister Nikolaus Fellermeier begr\u00fc\u00dfte neben den anwesenden Mitgliedern auch die Ehrensch\u00fctzenmeister, Ehrenmitglieder, Sch\u00fctzenk\u00f6nige sowie den ersten B\u00fcrgermeister. Vor der Genehmigung &hellip; Hier weiterlesen ...\" \/>\n<meta property=\"og:url\" content=\"https:\/\/almenrausch-berglern.de\/WordPress_02\/jahreshauptversammlung-mit-neuwahlen-am-15032026\/\" \/>\n<meta property=\"og:site_name\" content=\"SG Almenrausch Berglern e.V.\" \/>\n<meta property=\"article:published_time\" content=\"2026-03-18T14:43:30+00:00\" \/>\n<meta property=\"article:modified_time\" content=\"2026-03-27T10:11:11+00:00\" \/>\n<meta property=\"og:image\" content=\"https:\/\/almenrausch-berglern.de\/WordPress_02\/wp-content\/uploads\/2017\/04\/alb-logo300.jpg\" \/>\n\t<meta property=\"og:image:width\" content=\"619\" \/>\n\t<meta property=\"og:image:height\" content=\"747\" \/>\n\t<meta property=\"og:image:type\" content=\"image\/jpeg\" \/>\n<meta name=\"author\" content=\"willi\" \/>\n<meta name=\"twitter:card\" content=\"summary_large_image\" \/>\n<meta name=\"twitter:label1\" content=\"Verfasst von\" \/>\n\t<meta name=\"twitter:data1\" content=\"willi\" \/>\n\t<meta name=\"twitter:label2\" content=\"Gesch\u00e4tzte Lesezeit\" \/>\n\t<meta name=\"twitter:data2\" content=\"4\u00a0Minuten\" \/>\n<script type=\"application\/ld+json\" class=\"yoast-schema-graph\">{\"@context\":\"https:\/\/schema.org\",\"@graph\":[{\"@type\":\"Article\",\"@id\":\"https:\/\/almenrausch-berglern.de\/WordPress_02\/jahreshauptversammlung-mit-neuwahlen-am-15032026\/#article\",\"isPartOf\":{\"@id\":\"https:\/\/almenrausch-berglern.de\/WordPress_02\/jahreshauptversammlung-mit-neuwahlen-am-15032026\/\"},\"author\":{\"name\":\"willi\",\"@id\":\"https:\/\/almenrausch-berglern.de\/WordPress_02\/#\/schema\/person\/afcf016c71e544dd07a246a131e0dc7c\"},\"headline\":\"Jahreshauptversammlung mit Neuwahlen am 15.03.2026\",\"datePublished\":\"2026-03-18T14:43:30+00:00\",\"dateModified\":\"2026-03-27T10:11:11+00:00\",\"mainEntityOfPage\":{\"@id\":\"https:\/\/almenrausch-berglern.de\/WordPress_02\/jahreshauptversammlung-mit-neuwahlen-am-15032026\/\"},\"wordCount\":566,\"image\":{\"@id\":\"https:\/\/almenrausch-berglern.de\/WordPress_02\/jahreshauptversammlung-mit-neuwahlen-am-15032026\/#primaryimage\"},\"thumbnailUrl\":\"https:\/\/almenrausch-berglern.de\/WordPress_02\/wp-content\/uploads\/2017\/04\/alb-logo300.jpg\",\"inLanguage\":\"de\"},{\"@type\":\"WebPage\",\"@id\":\"https:\/\/almenrausch-berglern.de\/WordPress_02\/jahreshauptversammlung-mit-neuwahlen-am-15032026\/\",\"url\":\"https:\/\/almenrausch-berglern.de\/WordPress_02\/jahreshauptversammlung-mit-neuwahlen-am-15032026\/\",\"name\":\"Jahreshauptversammlung mit Neuwahlen am 15.03.2026 - SG Almenrausch Berglern e.V.\",\"isPartOf\":{\"@id\":\"https:\/\/almenrausch-berglern.de\/WordPress_02\/#website\"},\"primaryImageOfPage\":{\"@id\":\"https:\/\/almenrausch-berglern.de\/WordPress_02\/jahreshauptversammlung-mit-neuwahlen-am-15032026\/#primaryimage\"},\"image\":{\"@id\":\"https:\/\/almenrausch-berglern.de\/WordPress_02\/jahreshauptversammlung-mit-neuwahlen-am-15032026\/#primaryimage\"},\"thumbnailUrl\":\"https:\/\/almenrausch-berglern.de\/WordPress_02\/wp-content\/uploads\/2017\/04\/alb-logo300.jpg\",\"datePublished\":\"2026-03-18T14:43:30+00:00\",\"dateModified\":\"2026-03-27T10:11:11+00:00\",\"author\":{\"@id\":\"https:\/\/almenrausch-berglern.de\/WordPress_02\/#\/schema\/person\/afcf016c71e544dd07a246a131e0dc7c\"},\"breadcrumb\":{\"@id\":\"https:\/\/almenrausch-berglern.de\/WordPress_02\/jahreshauptversammlung-mit-neuwahlen-am-15032026\/#breadcrumb\"},\"inLanguage\":\"de\",\"potentialAction\":[{\"@type\":\"ReadAction\",\"target\":[\"https:\/\/almenrausch-berglern.de\/WordPress_02\/jahreshauptversammlung-mit-neuwahlen-am-15032026\/\"]}]},{\"@type\":\"ImageObject\",\"inLanguage\":\"de\",\"@id\":\"https:\/\/almenrausch-berglern.de\/WordPress_02\/jahreshauptversammlung-mit-neuwahlen-am-15032026\/#primaryimage\",\"url\":\"https:\/\/almenrausch-berglern.de\/WordPress_02\/wp-content\/uploads\/2017\/04\/alb-logo300.jpg\",\"contentUrl\":\"https:\/\/almenrausch-berglern.de\/WordPress_02\/wp-content\/uploads\/2017\/04\/alb-logo300.jpg\",\"width\":619,\"height\":747},{\"@type\":\"BreadcrumbList\",\"@id\":\"https:\/\/almenrausch-berglern.de\/WordPress_02\/jahreshauptversammlung-mit-neuwahlen-am-15032026\/#breadcrumb\",\"itemListElement\":[{\"@type\":\"ListItem\",\"position\":1,\"name\":\"Startseite\",\"item\":\"https:\/\/almenrausch-berglern.de\/WordPress_02\/\"},{\"@type\":\"ListItem\",\"position\":2,\"name\":\"Jahreshauptversammlung mit Neuwahlen am 15.03.2026\"}]},{\"@type\":\"WebSite\",\"@id\":\"https:\/\/almenrausch-berglern.de\/WordPress_02\/#website\",\"url\":\"https:\/\/almenrausch-berglern.de\/WordPress_02\/\",\"name\":\"SG Almenrausch Berglern e.V.\",\"description\":\"\",\"potentialAction\":[{\"@type\":\"SearchAction\",\"target\":{\"@type\":\"EntryPoint\",\"urlTemplate\":\"https:\/\/almenrausch-berglern.de\/WordPress_02\/?s={search_term_string}\"},\"query-input\":{\"@type\":\"PropertyValueSpecification\",\"valueRequired\":true,\"valueName\":\"search_term_string\"}}],\"inLanguage\":\"de\"},{\"@type\":\"Person\",\"@id\":\"https:\/\/almenrausch-berglern.de\/WordPress_02\/#\/schema\/person\/afcf016c71e544dd07a246a131e0dc7c\",\"name\":\"willi\",\"image\":{\"@type\":\"ImageObject\",\"inLanguage\":\"de\",\"@id\":\"https:\/\/secure.gravatar.com\/avatar\/78d5815875c82d87f37eedb609f4c23e9e0832f1a15175689e420693042810d8?s=96&d=mm&r=g\",\"url\":\"https:\/\/secure.gravatar.com\/avatar\/78d5815875c82d87f37eedb609f4c23e9e0832f1a15175689e420693042810d8?s=96&d=mm&r=g\",\"contentUrl\":\"https:\/\/secure.gravatar.com\/avatar\/78d5815875c82d87f37eedb609f4c23e9e0832f1a15175689e420693042810d8?s=96&d=mm&r=g\",\"caption\":\"willi\"}}]}<\/script>\n<!-- \/ Yoast SEO plugin. -->","yoast_head_json":{"title":"Jahreshauptversammlung mit Neuwahlen am 15.03.2026 - SG Almenrausch Berglern e.V.","robots":{"index":"index","follow":"follow","max-snippet":"max-snippet:-1","max-image-preview":"max-image-preview:large","max-video-preview":"max-video-preview:-1"},"canonical":"https:\/\/almenrausch-berglern.de\/WordPress_02\/jahreshauptversammlung-mit-neuwahlen-am-15032026\/","og_locale":"de_DE","og_type":"article","og_title":"Jahreshauptversammlung mit Neuwahlen am 15.03.2026 - SG Almenrausch Berglern e.V.","og_description":"Am 15. M\u00e4rz 2026 fand die diesj\u00e4hrige Jahreshauptversammlung unseres Sch\u00fctzenvereins statt. Insgesamt 40 Mitglieder nahmen an der Versammlung teil. &nbsp; Sch\u00fctzenmeister Nikolaus Fellermeier begr\u00fc\u00dfte neben den anwesenden Mitgliedern auch die Ehrensch\u00fctzenmeister, Ehrenmitglieder, Sch\u00fctzenk\u00f6nige sowie den ersten B\u00fcrgermeister. Vor der Genehmigung &hellip; Hier weiterlesen ...","og_url":"https:\/\/almenrausch-berglern.de\/WordPress_02\/jahreshauptversammlung-mit-neuwahlen-am-15032026\/","og_site_name":"SG Almenrausch Berglern e.V.","article_published_time":"2026-03-18T14:43:30+00:00","article_modified_time":"2026-03-27T10:11:11+00:00","og_image":[{"width":619,"height":747,"url":"https:\/\/almenrausch-berglern.de\/WordPress_02\/wp-content\/uploads\/2017\/04\/alb-logo300.jpg","type":"image\/jpeg"}],"author":"willi","twitter_card":"summary_large_image","twitter_misc":{"Verfasst von":"willi","Gesch\u00e4tzte Lesezeit":"4\u00a0Minuten"},"schema":{"@context":"https:\/\/schema.org","@graph":[{"@type":"Article","@id":"https:\/\/almenrausch-berglern.de\/WordPress_02\/jahreshauptversammlung-mit-neuwahlen-am-15032026\/#article","isPartOf":{"@id":"https:\/\/almenrausch-berglern.de\/WordPress_02\/jahreshauptversammlung-mit-neuwahlen-am-15032026\/"},"author":{"name":"willi","@id":"https:\/\/almenrausch-berglern.de\/WordPress_02\/#\/schema\/person\/afcf016c71e544dd07a246a131e0dc7c"},"headline":"Jahreshauptversammlung mit Neuwahlen am 15.03.2026","datePublished":"2026-03-18T14:43:30+00:00","dateModified":"2026-03-27T10:11:11+00:00","mainEntityOfPage":{"@id":"https:\/\/almenrausch-berglern.de\/WordPress_02\/jahreshauptversammlung-mit-neuwahlen-am-15032026\/"},"wordCount":566,"image":{"@id":"https:\/\/almenrausch-berglern.de\/WordPress_02\/jahreshauptversammlung-mit-neuwahlen-am-15032026\/#primaryimage"},"thumbnailUrl":"https:\/\/almenrausch-berglern.de\/WordPress_02\/wp-content\/uploads\/2017\/04\/alb-logo300.jpg","inLanguage":"de"},{"@type":"WebPage","@id":"https:\/\/almenrausch-berglern.de\/WordPress_02\/jahreshauptversammlung-mit-neuwahlen-am-15032026\/","url":"https:\/\/almenrausch-berglern.de\/WordPress_02\/jahreshauptversammlung-mit-neuwahlen-am-15032026\/","name":"Jahreshauptversammlung mit Neuwahlen am 15.03.2026 - SG Almenrausch Berglern e.V.","isPartOf":{"@id":"https:\/\/almenrausch-berglern.de\/WordPress_02\/#website"},"primaryImageOfPage":{"@id":"https:\/\/almenrausch-berglern.de\/WordPress_02\/jahreshauptversammlung-mit-neuwahlen-am-15032026\/#primaryimage"},"image":{"@id":"https:\/\/almenrausch-berglern.de\/WordPress_02\/jahreshauptversammlung-mit-neuwahlen-am-15032026\/#primaryimage"},"thumbnailUrl":"https:\/\/almenrausch-berglern.de\/WordPress_02\/wp-content\/uploads\/2017\/04\/alb-logo300.jpg","datePublished":"2026-03-18T14:43:30+00:00","dateModified":"2026-03-27T10:11:11+00:00","author":{"@id":"https:\/\/almenrausch-berglern.de\/WordPress_02\/#\/schema\/person\/afcf016c71e544dd07a246a131e0dc7c"},"breadcrumb":{"@id":"https:\/\/almenrausch-berglern.de\/WordPress_02\/jahreshauptversammlung-mit-neuwahlen-am-15032026\/#breadcrumb"},"inLanguage":"de","potentialAction":[{"@type":"ReadAction","target":["https:\/\/almenrausch-berglern.de\/WordPress_02\/jahreshauptversammlung-mit-neuwahlen-am-15032026\/"]}]},{"@type":"ImageObject","inLanguage":"de","@id":"https:\/\/almenrausch-berglern.de\/WordPress_02\/jahreshauptversammlung-mit-neuwahlen-am-15032026\/#primaryimage","url":"https:\/\/almenrausch-berglern.de\/WordPress_02\/wp-content\/uploads\/2017\/04\/alb-logo300.jpg","contentUrl":"https:\/\/almenrausch-berglern.de\/WordPress_02\/wp-content\/uploads\/2017\/04\/alb-logo300.jpg","width":619,"height":747},{"@type":"BreadcrumbList","@id":"https:\/\/almenrausch-berglern.de\/WordPress_02\/jahreshauptversammlung-mit-neuwahlen-am-15032026\/#breadcrumb","itemListElement":[{"@type":"ListItem","position":1,"name":"Startseite","item":"https:\/\/almenrausch-berglern.de\/WordPress_02\/"},{"@type":"ListItem","position":2,"name":"Jahreshauptversammlung mit Neuwahlen am 15.03.2026"}]},{"@type":"WebSite","@id":"https:\/\/almenrausch-berglern.de\/WordPress_02\/#website","url":"https:\/\/almenrausch-berglern.de\/WordPress_02\/","name":"SG Almenrausch Berglern e.V.","description":"","potentialAction":[{"@type":"SearchAction","target":{"@type":"EntryPoint","urlTemplate":"https:\/\/almenrausch-berglern.de\/WordPress_02\/?s={search_term_string}"},"query-input":{"@type":"PropertyValueSpecification","valueRequired":true,"valueName":"search_term_string"}}],"inLanguage":"de"},{"@type":"Person","@id":"https:\/\/almenrausch-berglern.de\/WordPress_02\/#\/schema\/person\/afcf016c71e544dd07a246a131e0dc7c","name":"willi","image":{"@type":"ImageObject","inLanguage":"de","@id":"https:\/\/secure.gravatar.com\/avatar\/78d5815875c82d87f37eedb609f4c23e9e0832f1a15175689e420693042810d8?s=96&d=mm&r=g","url":"https:\/\/secure.gravatar.com\/avatar\/78d5815875c82d87f37eedb609f4c23e9e0832f1a15175689e420693042810d8?s=96&d=mm&r=g","contentUrl":"https:\/\/secure.gravatar.com\/avatar\/78d5815875c82d87f37eedb609f4c23e9e0832f1a15175689e420693042810d8?s=96&d=mm&r=g","caption":"willi"}}]}},"views":571,"publishpress_future_action":{"enabled":false,"date":"2026-05-10 08:06:35","action":"change-status","newStatus":"draft","terms":[],"taxonomy":"category","extraData":[]},"publishpress_future_workflow_manual_trigger":{"enabledWorkflows":[]},"_links":{"self":[{"href":"https:\/\/almenrausch-berglern.de\/WordPress_02\/wp-json\/wp\/v2\/posts\/2479","targetHints":{"allow":["GET"]}}],"collection":[{"href":"https:\/\/almenrausch-berglern.de\/WordPress_02\/wp-json\/wp\/v2\/posts"}],"about":[{"href":"https:\/\/almenrausch-berglern.de\/WordPress_02\/wp-json\/wp\/v2\/types\/post"}],"author":[{"embeddable":true,"href":"https:\/\/almenrausch-berglern.de\/WordPress_02\/wp-json\/wp\/v2\/users\/1"}],"replies":[{"embeddable":true,"href":"https:\/\/almenrausch-berglern.de\/WordPress_02\/wp-json\/wp\/v2\/comments?post=2479"}],"version-history":[{"count":5,"href":"https:\/\/almenrausch-berglern.de\/WordPress_02\/wp-json\/wp\/v2\/posts\/2479\/revisions"}],"predecessor-version":[{"id":2489,"href":"https:\/\/almenrausch-berglern.de\/WordPress_02\/wp-json\/wp\/v2\/posts\/2479\/revisions\/2489"}],"wp:featuredmedia":[{"embeddable":true,"href":"https:\/\/almenrausch-berglern.de\/WordPress_02\/wp-json\/wp\/v2\/media\/304"}],"wp:attachment":[{"href":"https:\/\/almenrausch-berglern.de\/WordPress_02\/wp-json\/wp\/v2\/media?parent=2479"}],"wp:term":[{"taxonomy":"category","embeddable":true,"href":"https:\/\/almenrausch-berglern.de\/WordPress_02\/wp-json\/wp\/v2\/categories?post=2479"},{"taxonomy":"post_tag","embeddable":true,"href":"https:\/\/almenrausch-berglern.de\/WordPress_02\/wp-json\/wp\/v2\/tags?post=2479"}],"curies":[{"name":"wp","href":"https:\/\/api.w.org\/{rel}","templated":true}]}}