{"id":319,"date":"2017-05-02T20:44:10","date_gmt":"2017-05-02T20:44:10","guid":{"rendered":"http:\/\/almenrausch-berglern.de\/WordPress_02\/?p=319"},"modified":"2017-11-15T19:56:01","modified_gmt":"2017-11-15T19:56:01","slug":"1-mai-feier-01-05-2017","status":"publish","type":"post","link":"https:\/\/almenrausch-berglern.de\/WordPress_02\/1-mai-feier-01-05-2017\/","title":{"rendered":"1. Mai-Feier 01.05.2017"},"content":{"rendered":"<p>Die Almenrausch-Sch\u00fctzen lassen es einmal im Jahr gewaltig rauschen, wenn sie am 1. Mai nach Kirche und Kirchenzug ihre besten Sch\u00fctzen hoch leben lassen. In diesem Jahr war der Gottesdienst besonders emotional, weil als Schlusslied die Bayernhymne &#8211; durch die Marktkapelle Wartenberg begleitet &#8211; gesungen wurde.<br \/>\nWie gewohnt spielte auch diesmal die Marktkapelle Wartenberg kr\u00e4ftig auf, bevor der 1. Sch\u00fctzenmeister Nikolaus Fellermeier \u00fcber die abgelaufene Schie\u00dfsaison berichtete, an denen im Schnitt 35 Sch\u00fctzen an den Schie\u00dfst\u00e4nden waren und dabei wieder hervorragende Ergebnisse erzielten. Marco Melerowitz war an allen Schie\u00dfabenden im Einsatz und wurde daf\u00fcr besonders belohnt.<\/p>\n<p>Eine Jugendscheibe gestiftet von G\u00fcnter Wichary wurde durch Johannes Wichary gewonnen, der den besten Schu\u00df setzen konnte.<\/p>\n<p>Die K\u00f6nige:<br \/>\nDie Jugend-K\u00f6nigskette konnte Pia Meye mit einem 26,4-Teiler gewinnen. F\u00fcr die K\u00f6nigsw\u00fcrde erzielte Danny Holzinger den besten Teiler (57,6).<\/p>\n<p>Die Meister der Saison wurden:<br \/>\nLichtgewehr: 1. Luca Vehse(Ringdurchschnitt 94,1), 2. Sophia Irl (92,1), 3. Pia Meye (90,6)<br \/>\nSch\u00fcler: 1.Marie Brandlmeier (98,6), 2. Marco Melerowitz (95,0), 3. Andrea Aigner (89,7)<br \/>\nJugend: 1. Lena Brandlmeier (102,4), 2. Stefanie Melerowitz (100,3), 3. Daniela R\u00f6slmair (74,8)<br \/>\nA- Klasse: 1. Erich Schr\u00f6dl (102,0), 2.Peter Eicher (98,6), 3. Rosemarie Eberl (97,7)<br \/>\nB- Klasse: 1. Franziska Wimmer (94,6), 2. Christian Kuhn (93,5), 3. Elisabeth Bauer (91,9)<br \/>\nAltersklasse: 1. Manfred Aigner (103,34,1), 2. Rudi Bauer (103,25, 3. Max Caria (101,5)<br \/>\nAuflageklasse: 1. Heinz Reese (103,7), 2. Anton Kressierer (103,2, 3. Wolfgang Rittler (98,3)<br \/>\nPistolenklasse: 1. Robert Huber (93,4), 2. Daniel Galke (91,5), 3. Christoph Kressierer (87,1)<\/p>\n<p>Bei der Blattlwertung der Saison war Stefanie Melerowitz mit einem 2,8 Teiler vor Marco Melerowitz (4,0 Teiler) und Erich Schr\u00f6dl (4,9 Teiler) die Beste. Selbst der Zehnte hatte hier noch einen hervorragenden 13,8 Teiler zu Buche stehen. Die erfolgreichen Sch\u00fctzinnen und Sch\u00fctzen wurden dann mit diversen Preisen und Pokalen belohnt. Sportleiter Manfred Aigner hatte die Ehre, Lena und Marie Brandlmeier die Urkunden des BSSB zum Erreichen der Bayerischen Meistersch\u00fctzenabzeichen zu \u00fcberreichen, au\u00dferdem erhielten Lena und Marie Brandlmeier sowie Stefanfie Melerowitz f\u00fcr ihren neuen Vereinsrekord von 1115 Ringen eine Urkunde.<br \/>\nMarie Brandlmeier erreichte mit der Sch\u00fclermannschaft der SSG Sempt bei der Oberbayerischen Bezirksmeisterschaft den 2. Platz.<\/p>\n<p>Es wurden anschlie\u00dfend f\u00fcr langj\u00e4hrige Mitgliedschaft geehrt:<br \/>\n25 Jahre: Anton Liebl jun, Martin Wichary, Andrea Vielberger<br \/>\n40 Jahre: Georg Wagner, Franz Geier<br \/>\n50 Jahre: Sebastian Faltermaier, Korbinian Voithenleitner, Johann Huber<br \/>\n55 Jahre: Otto Venus, Simon Adelsberger, Franz Fink<\/p>\n<p>Eine besondere Ehrung wurde den verstorbenen Mitgliedern zuteil: G\u00fcnter Wichary spendete und fertigte anl\u00e4\u00dflich seines 70.ten Geburtstag eine wundersch\u00f6ne Ehrentafel f\u00fcr unsere verstorbenen Mitglieder an.<br \/>\nDie Almenrausch-Sch\u00fctzen sagen ein herzliches Vergelt`s Gott !<\/p>\nngg_shortcode_0_placeholder\n","protected":false},"excerpt":{"rendered":"<p>Die Almenrausch-Sch\u00fctzen lassen es einmal im Jahr gewaltig rauschen, wenn sie am 1. Mai nach Kirche und Kirchenzug ihre besten Sch\u00fctzen hoch leben lassen. In diesem Jahr war der Gottesdienst besonders emotional, weil als Schlusslied die Bayernhymne &#8211; durch die <span class=\"excerpt-dots\">&hellip;<\/span> <a class=\"more-link\" href=\"https:\/\/almenrausch-berglern.de\/WordPress_02\/1-mai-feier-01-05-2017\/\"><span class=\"more-msg\">Hier weiterlesen &#8230;<\/span><\/a><\/p>\n","protected":false},"author":1,"featured_media":0,"comment_status":"closed","ping_status":"closed","sticky":false,"template":"","format":"standard","meta":{"ngg_post_thumbnail":0,"footnotes":""},"categories":[1,10],"tags":[],"class_list":["post-319","post","type-post","status-publish","format-standard","hentry","category-allgemein","category-vereinsschiessen"],"yoast_head":"<!-- This site is optimized with the Yoast SEO plugin v27.2 - https:\/\/yoast.com\/product\/yoast-seo-wordpress\/ -->\n<title>1. Mai-Feier 01.05.2017 - SG Almenrausch Berglern e.V.<\/title>\n<meta name=\"robots\" content=\"index, follow, max-snippet:-1, max-image-preview:large, max-video-preview:-1\" \/>\n<link rel=\"canonical\" href=\"https:\/\/almenrausch-berglern.de\/WordPress_02\/1-mai-feier-01-05-2017\/\" \/>\n<meta property=\"og:locale\" content=\"de_DE\" \/>\n<meta property=\"og:type\" content=\"article\" \/>\n<meta property=\"og:title\" content=\"1. Mai-Feier 01.05.2017 - SG Almenrausch Berglern e.V.\" \/>\n<meta property=\"og:description\" content=\"Die Almenrausch-Sch\u00fctzen lassen es einmal im Jahr gewaltig rauschen, wenn sie am 1. Mai nach Kirche und Kirchenzug ihre besten Sch\u00fctzen hoch leben lassen. In diesem Jahr war der Gottesdienst besonders emotional, weil als Schlusslied die Bayernhymne &#8211; durch die &hellip; Hier weiterlesen ...\" \/>\n<meta property=\"og:url\" content=\"https:\/\/almenrausch-berglern.de\/WordPress_02\/1-mai-feier-01-05-2017\/\" \/>\n<meta property=\"og:site_name\" content=\"SG Almenrausch Berglern e.V.\" \/>\n<meta property=\"article:published_time\" content=\"2017-05-02T20:44:10+00:00\" \/>\n<meta property=\"article:modified_time\" content=\"2017-11-15T19:56:01+00:00\" \/>\n<meta name=\"author\" content=\"willi\" \/>\n<meta name=\"twitter:card\" content=\"summary_large_image\" \/>\n<meta name=\"twitter:label1\" content=\"Verfasst von\" \/>\n\t<meta name=\"twitter:data1\" content=\"willi\" \/>\n\t<meta name=\"twitter:label2\" content=\"Gesch\u00e4tzte Lesezeit\" \/>\n\t<meta name=\"twitter:data2\" content=\"2\u00a0Minuten\" \/>\n<script type=\"application\/ld+json\" class=\"yoast-schema-graph\">{\"@context\":\"https:\/\/schema.org\",\"@graph\":[{\"@type\":\"Article\",\"@id\":\"https:\/\/almenrausch-berglern.de\/WordPress_02\/1-mai-feier-01-05-2017\/#article\",\"isPartOf\":{\"@id\":\"https:\/\/almenrausch-berglern.de\/WordPress_02\/1-mai-feier-01-05-2017\/\"},\"author\":{\"name\":\"willi\",\"@id\":\"https:\/\/almenrausch-berglern.de\/WordPress_02\/#\/schema\/person\/afcf016c71e544dd07a246a131e0dc7c\"},\"headline\":\"1. Mai-Feier 01.05.2017\",\"datePublished\":\"2017-05-02T20:44:10+00:00\",\"dateModified\":\"2017-11-15T19:56:01+00:00\",\"mainEntityOfPage\":{\"@id\":\"https:\/\/almenrausch-berglern.de\/WordPress_02\/1-mai-feier-01-05-2017\/\"},\"wordCount\":448,\"articleSection\":{\"1\":\"Vereinsschiessen\"},\"inLanguage\":\"de\"},{\"@type\":\"WebPage\",\"@id\":\"https:\/\/almenrausch-berglern.de\/WordPress_02\/1-mai-feier-01-05-2017\/\",\"url\":\"https:\/\/almenrausch-berglern.de\/WordPress_02\/1-mai-feier-01-05-2017\/\",\"name\":\"1. Mai-Feier 01.05.2017 - SG Almenrausch Berglern e.V.\",\"isPartOf\":{\"@id\":\"https:\/\/almenrausch-berglern.de\/WordPress_02\/#website\"},\"datePublished\":\"2017-05-02T20:44:10+00:00\",\"dateModified\":\"2017-11-15T19:56:01+00:00\",\"author\":{\"@id\":\"https:\/\/almenrausch-berglern.de\/WordPress_02\/#\/schema\/person\/afcf016c71e544dd07a246a131e0dc7c\"},\"breadcrumb\":{\"@id\":\"https:\/\/almenrausch-berglern.de\/WordPress_02\/1-mai-feier-01-05-2017\/#breadcrumb\"},\"inLanguage\":\"de\",\"potentialAction\":[{\"@type\":\"ReadAction\",\"target\":[\"https:\/\/almenrausch-berglern.de\/WordPress_02\/1-mai-feier-01-05-2017\/\"]}]},{\"@type\":\"BreadcrumbList\",\"@id\":\"https:\/\/almenrausch-berglern.de\/WordPress_02\/1-mai-feier-01-05-2017\/#breadcrumb\",\"itemListElement\":[{\"@type\":\"ListItem\",\"position\":1,\"name\":\"Startseite\",\"item\":\"https:\/\/almenrausch-berglern.de\/WordPress_02\/\"},{\"@type\":\"ListItem\",\"position\":2,\"name\":\"1. Mai-Feier 01.05.2017\"}]},{\"@type\":\"WebSite\",\"@id\":\"https:\/\/almenrausch-berglern.de\/WordPress_02\/#website\",\"url\":\"https:\/\/almenrausch-berglern.de\/WordPress_02\/\",\"name\":\"SG Almenrausch Berglern e.V.\",\"description\":\"\",\"potentialAction\":[{\"@type\":\"SearchAction\",\"target\":{\"@type\":\"EntryPoint\",\"urlTemplate\":\"https:\/\/almenrausch-berglern.de\/WordPress_02\/?s={search_term_string}\"},\"query-input\":{\"@type\":\"PropertyValueSpecification\",\"valueRequired\":true,\"valueName\":\"search_term_string\"}}],\"inLanguage\":\"de\"},{\"@type\":\"Person\",\"@id\":\"https:\/\/almenrausch-berglern.de\/WordPress_02\/#\/schema\/person\/afcf016c71e544dd07a246a131e0dc7c\",\"name\":\"willi\",\"image\":{\"@type\":\"ImageObject\",\"inLanguage\":\"de\",\"@id\":\"https:\/\/secure.gravatar.com\/avatar\/78d5815875c82d87f37eedb609f4c23e9e0832f1a15175689e420693042810d8?s=96&d=mm&r=g\",\"url\":\"https:\/\/secure.gravatar.com\/avatar\/78d5815875c82d87f37eedb609f4c23e9e0832f1a15175689e420693042810d8?s=96&d=mm&r=g\",\"contentUrl\":\"https:\/\/secure.gravatar.com\/avatar\/78d5815875c82d87f37eedb609f4c23e9e0832f1a15175689e420693042810d8?s=96&d=mm&r=g\",\"caption\":\"willi\"}}]}<\/script>\n<!-- \/ Yoast SEO plugin. -->","yoast_head_json":{"title":"1. Mai-Feier 01.05.2017 - SG Almenrausch Berglern e.V.","robots":{"index":"index","follow":"follow","max-snippet":"max-snippet:-1","max-image-preview":"max-image-preview:large","max-video-preview":"max-video-preview:-1"},"canonical":"https:\/\/almenrausch-berglern.de\/WordPress_02\/1-mai-feier-01-05-2017\/","og_locale":"de_DE","og_type":"article","og_title":"1. Mai-Feier 01.05.2017 - SG Almenrausch Berglern e.V.","og_description":"Die Almenrausch-Sch\u00fctzen lassen es einmal im Jahr gewaltig rauschen, wenn sie am 1. Mai nach Kirche und Kirchenzug ihre besten Sch\u00fctzen hoch leben lassen. In diesem Jahr war der Gottesdienst besonders emotional, weil als Schlusslied die Bayernhymne &#8211; durch die &hellip; Hier weiterlesen ...","og_url":"https:\/\/almenrausch-berglern.de\/WordPress_02\/1-mai-feier-01-05-2017\/","og_site_name":"SG Almenrausch Berglern e.V.","article_published_time":"2017-05-02T20:44:10+00:00","article_modified_time":"2017-11-15T19:56:01+00:00","author":"willi","twitter_card":"summary_large_image","twitter_misc":{"Verfasst von":"willi","Gesch\u00e4tzte Lesezeit":"2\u00a0Minuten"},"schema":{"@context":"https:\/\/schema.org","@graph":[{"@type":"Article","@id":"https:\/\/almenrausch-berglern.de\/WordPress_02\/1-mai-feier-01-05-2017\/#article","isPartOf":{"@id":"https:\/\/almenrausch-berglern.de\/WordPress_02\/1-mai-feier-01-05-2017\/"},"author":{"name":"willi","@id":"https:\/\/almenrausch-berglern.de\/WordPress_02\/#\/schema\/person\/afcf016c71e544dd07a246a131e0dc7c"},"headline":"1. Mai-Feier 01.05.2017","datePublished":"2017-05-02T20:44:10+00:00","dateModified":"2017-11-15T19:56:01+00:00","mainEntityOfPage":{"@id":"https:\/\/almenrausch-berglern.de\/WordPress_02\/1-mai-feier-01-05-2017\/"},"wordCount":448,"articleSection":{"1":"Vereinsschiessen"},"inLanguage":"de"},{"@type":"WebPage","@id":"https:\/\/almenrausch-berglern.de\/WordPress_02\/1-mai-feier-01-05-2017\/","url":"https:\/\/almenrausch-berglern.de\/WordPress_02\/1-mai-feier-01-05-2017\/","name":"1. Mai-Feier 01.05.2017 - SG Almenrausch Berglern e.V.","isPartOf":{"@id":"https:\/\/almenrausch-berglern.de\/WordPress_02\/#website"},"datePublished":"2017-05-02T20:44:10+00:00","dateModified":"2017-11-15T19:56:01+00:00","author":{"@id":"https:\/\/almenrausch-berglern.de\/WordPress_02\/#\/schema\/person\/afcf016c71e544dd07a246a131e0dc7c"},"breadcrumb":{"@id":"https:\/\/almenrausch-berglern.de\/WordPress_02\/1-mai-feier-01-05-2017\/#breadcrumb"},"inLanguage":"de","potentialAction":[{"@type":"ReadAction","target":["https:\/\/almenrausch-berglern.de\/WordPress_02\/1-mai-feier-01-05-2017\/"]}]},{"@type":"BreadcrumbList","@id":"https:\/\/almenrausch-berglern.de\/WordPress_02\/1-mai-feier-01-05-2017\/#breadcrumb","itemListElement":[{"@type":"ListItem","position":1,"name":"Startseite","item":"https:\/\/almenrausch-berglern.de\/WordPress_02\/"},{"@type":"ListItem","position":2,"name":"1. Mai-Feier 01.05.2017"}]},{"@type":"WebSite","@id":"https:\/\/almenrausch-berglern.de\/WordPress_02\/#website","url":"https:\/\/almenrausch-berglern.de\/WordPress_02\/","name":"SG Almenrausch Berglern e.V.","description":"","potentialAction":[{"@type":"SearchAction","target":{"@type":"EntryPoint","urlTemplate":"https:\/\/almenrausch-berglern.de\/WordPress_02\/?s={search_term_string}"},"query-input":{"@type":"PropertyValueSpecification","valueRequired":true,"valueName":"search_term_string"}}],"inLanguage":"de"},{"@type":"Person","@id":"https:\/\/almenrausch-berglern.de\/WordPress_02\/#\/schema\/person\/afcf016c71e544dd07a246a131e0dc7c","name":"willi","image":{"@type":"ImageObject","inLanguage":"de","@id":"https:\/\/secure.gravatar.com\/avatar\/78d5815875c82d87f37eedb609f4c23e9e0832f1a15175689e420693042810d8?s=96&d=mm&r=g","url":"https:\/\/secure.gravatar.com\/avatar\/78d5815875c82d87f37eedb609f4c23e9e0832f1a15175689e420693042810d8?s=96&d=mm&r=g","contentUrl":"https:\/\/secure.gravatar.com\/avatar\/78d5815875c82d87f37eedb609f4c23e9e0832f1a15175689e420693042810d8?s=96&d=mm&r=g","caption":"willi"}}]}},"views":35601,"publishpress_future_action":{"enabled":false,"date":"2026-05-08 12:31:55","action":"change-status","newStatus":"draft","terms":[],"taxonomy":"category","extraData":[]},"publishpress_future_workflow_manual_trigger":{"enabledWorkflows":[]},"_links":{"self":[{"href":"https:\/\/almenrausch-berglern.de\/WordPress_02\/wp-json\/wp\/v2\/posts\/319","targetHints":{"allow":["GET"]}}],"collection":[{"href":"https:\/\/almenrausch-berglern.de\/WordPress_02\/wp-json\/wp\/v2\/posts"}],"about":[{"href":"https:\/\/almenrausch-berglern.de\/WordPress_02\/wp-json\/wp\/v2\/types\/post"}],"author":[{"embeddable":true,"href":"https:\/\/almenrausch-berglern.de\/WordPress_02\/wp-json\/wp\/v2\/users\/1"}],"replies":[{"embeddable":true,"href":"https:\/\/almenrausch-berglern.de\/WordPress_02\/wp-json\/wp\/v2\/comments?post=319"}],"version-history":[{"count":0,"href":"https:\/\/almenrausch-berglern.de\/WordPress_02\/wp-json\/wp\/v2\/posts\/319\/revisions"}],"wp:attachment":[{"href":"https:\/\/almenrausch-berglern.de\/WordPress_02\/wp-json\/wp\/v2\/media?parent=319"}],"wp:term":[{"taxonomy":"category","embeddable":true,"href":"https:\/\/almenrausch-berglern.de\/WordPress_02\/wp-json\/wp\/v2\/categories?post=319"},{"taxonomy":"post_tag","embeddable":true,"href":"https:\/\/almenrausch-berglern.de\/WordPress_02\/wp-json\/wp\/v2\/tags?post=319"}],"curies":[{"name":"wp","href":"https:\/\/api.w.org\/{rel}","templated":true}]}}